{"id":90,"date":"2008-06-04T20:36:30","date_gmt":"2008-06-05T03:36:30","guid":{"rendered":"http:\/\/barraclou.com\/media\/blog\/?p=90"},"modified":"2008-06-04T20:36:30","modified_gmt":"2008-06-05T03:36:30","slug":"21-juin-2006-republique-de-bananes","status":"publish","type":"post","link":"http:\/\/barraclou.com\/media\/blog\/2008\/06\/04\/21-juin-2006-republique-de-bananes\/","title":{"rendered":"21 juin 2006: R\u00e9publique de bananes"},"content":{"rendered":"<p>Vivre au Qu\u00e9bec signifie devoir accepter de vivre dans un r\u00e9gime hyper-interventionniste doubl\u00e9 de deux gouvernements centralisateurs forts. Peut-\u00eatre, est-ce que c&rsquo;est d\u00fb au triste h\u00e9ritage colonis\u00e9 et jud\u00e9o-chr\u00e9tien de la majorit\u00e9 de devoir se soumettre \u00e0 l&rsquo;autorit\u00e9 du r\u00e9gime anglais et du clerg\u00e9 catholique. Tout fait qu&rsquo;aujourd&rsquo;hui, la population semble avoir probl\u00e8me d&rsquo;autonomie (autre que le probl\u00e8me de la souvrainet\u00e9) et a besoin que son gouvernement provincial contr\u00f4le tout pour lui. La principale cons\u00e9quence est que ce gouvernement lourdement bureaucratique a de la difficult\u00e9 \u00e0 g\u00e9rer convenablement ses programmes.<\/p>\n<p>Que dites-vous du fait que ce n&rsquo;est pas le minist\u00e8re de l&rsquo;Environnement ou de la Conservation, mais un autre organisme, Recyc-Qu\u00e9bec, qui s&rsquo;occupe de recyclage et de consigne dans la province? Celui-ci veut faire payer une consigne \u00e0 la consommation pour le recyclage de CERTAINES cannettes et de bouteilles vides, tout comme les pneus d&rsquo;autos et de camions, mais les bouteilles d&rsquo;eau ou de jus, les pneus de bicyclette, de camions hors-normes, de chenilles de motoneige ne le sont pas. On recycle ce qui parait bien dans les sondages \u00e9lectoraux et non le recyclage du produit et de la mati\u00e8re en soi. Pouvez-vous me dire la diff\u00e9rence entre une bouteille de 16oz de cola Pepsi (consign\u00e9e) ou d&rsquo;eau embouteill\u00e9e Aquafina (non-consign\u00e9e): m\u00eame compagnie (Pepsico), m\u00eame bouteille, mais deux produits, dont un n&rsquo;est pas consignable. Pas fort. L&rsquo;organisme peut bien donner des prix (r\u00e9compenses) \u00e0 des compagnies \u00e0 la r\u00e9putation douteuse&#8230;<\/p>\n<p>Ca ne s&rsquo;arr\u00eate pas l\u00e0. On pourrait passer au peigne fin tout les minist\u00e8res et organismes de cette machine ob\u00e8se et inefficace. Par exemple, de sources s\u00fbres, on apprends que le Minist\u00e8re de l\u2019Agriculture, des P\u00eacheries et de l\u2019Alimentation du Qu\u00e9bec (MAPAQ) refuse de faire suivre des plaintes d&rsquo;insalubrit\u00e9 et d&rsquo;inspecter certains \u00e9tablissements commerciaux. De quoi s&rsquo;inqui\u00e9ter avec tout les scandales qu&rsquo;on a connu (viande avari\u00e9e, vache folle, grippe aviaire&#8230;).<\/p>\n<p>Et on ne parlera pas de l&rsquo;\u00e9tat des routes. Pendant qu&rsquo;il se pense un chef de file en la mati\u00e8re, mes observations personnelles me permettent de facilement confirmer que le Qu\u00e9bec se classe premier (pour une fois)&#8230;pour le mauvais \u00e9tat de ses routes devant la Pennsylvanie et la Saskatchewan. Pourtant, les taxes sur l&rsquo;essence sont plus \u00e9l\u00e8v\u00e9es dans cette province que partout ailleurs ou presque. Le probl\u00e8me est qu&rsquo;en plus d&rsquo;\u00eatre mal d\u00e9pens\u00e9es, elles ne sont pas r\u00e9investies dans les infrastructures routi\u00e8res, mais plut\u00f4t dans le trou sans fond du fonds consolid\u00e9 du gouvernement. Les employ\u00e9s du Minist\u00e8re des transports savent ouvertement que les entrepreneurs profitent des failles du syst\u00e8me \u00e0 leurs d\u00e9pends.<\/p>\n<p>Ca devient plus ridicule quand les partis politiques au pouvoir tombent dans la vantardise de dire que la province poss\u00e8de les meilleurs services au monde. Fiert\u00e9 d&rsquo;avoir soi-disant nationaliser l&rsquo;\u00e9lectricit\u00e9 quand on sait que de petits producteurs produisent de plus en plus d&rsquo;\u00e9lectricit\u00e9 en sous-traitance (sans pouvoir la vendre ou l&rsquo;utiliser eux-m\u00eames, mais pas produite par Hydro-Qu\u00e9bec non plus) et quand des r\u00e9seaux municipaux ne sont toujours pas \u00e9t\u00e9 int\u00e9gr\u00e9s par la soci\u00e9t\u00e9 provinciale Hydro-Qu\u00e9bec. Avec les fusions forc\u00e9es des municipalit\u00e9s, \u00e7a a form\u00e9 des absurdit\u00e9s o\u00f9 l&rsquo;ancienne ville de Sherbrooke est desservie par Hydro-Sherbrooke, mais les anciennes banlieues continuent de profiter des hausses de tarifs d&rsquo;Hydro-Qu\u00e9bec comme tout les autres r\u00e9gions.<\/p>\n<p>Mati\u00e8re sant\u00e9, le honteux gouvernement lib\u00e9ral de Robert Bourassa et son ministre des finances, G\u00e9rard D. L\u00e9vesque, ont coup\u00e9 dans les d\u00e9penses: plus de soins dentaires ou d&rsquo;optom\u00e9trie. Les bienheureux b\u00e9n\u00e9ficiaires du Bien-\u00catre social (ou peu comment il s&rsquo;appelle cette semaine) y ont encore acc\u00e8s, m\u00eame pas le reste de la population. Belle th\u00e9orie de solidarit\u00e9 et de justice sociale. Quelques ann\u00e9es plus tard, le gouvernement p\u00e9quiste va cr\u00e9er de quoi de \u00ab\u00a0vraiement utile\u00a0\u00bb: une assurance-m\u00e9dicaments. Tous devront contribuer, s&rsquo;ils n&rsquo;ont pas d&rsquo;assurances collectives au travail, qu&rsquo;ils soient en sant\u00e9 ou non. Ainsi, \u00e7a occasionne que plusieurs personnes doivent payer plus cher en assurance-m\u00e9dicaments que le montant qu&rsquo;ils consomme r\u00e9ellement en m\u00e9dicaments durant l&rsquo;ann\u00e9e. <\/p>\n<p>On ne parlera pas du reste du syst\u00e8me de sant\u00e9 o\u00f9 des h\u00f4pitaux (publics, car le priv\u00e9 est un gros m\u00e9chant dans leur id\u00e9ologie) refusent des patients qui se pr\u00e9sentent \u00e0 leur salle d&rsquo;urgences; de patients canc\u00e9reux qui meurent sur les listes d&rsquo;attente ou qui ont d\u00fbs \u00eatre envoy\u00e9s par le gouvernement qu\u00e9b\u00e9cois \u00eatre tra\u00eet\u00e9s \u00e0 Burlington, au Vermont, en raison du manque de disponibilit\u00e9 au Qu\u00e9bec; des h\u00f4pitaux qui ont des probl\u00e8mes de champignons ou de bact\u00e9rie C difficile ou du fait que le Qu\u00e9bec soit la seule province \u00e0 ne pas distribuer ses cartes d&rsquo;assurance-maladie \/ assurance-sant\u00e9 \u00e0 temps pour le d\u00e9but de la couverture de ses nouveaux r\u00e9sidents. Ce n&rsquo;est pas grave \u00e7a, mais tout le monde a sa belle petite photo \u00ab\u00a0fad\u00e9e\u00a0\u00bb sur sa carte par exemple (apr\u00e8s un long et insipide d\u00e9bat sur la question). \u00c9galement, on ne doit passer par dessus le fait que la province n&rsquo;a pas d&rsquo;entente de couverture r\u00e9elle avec toutes les autres provinces et ne remboursera l&rsquo;argent que vous avez d\u00fb payer hors-province qu&rsquo;au taux inf\u00e9rieur en vigueur au Qu\u00e9bec peu importe ce que vous avez pay\u00e9 ailleurs.<\/p>\n<p>En conclusion, la prise de responsabilit\u00e9 et de risques est un concept tabou au Qu\u00e9bec. La population pr\u00e9f\u00e8re \u00e9viter de prendre ses responsabilit\u00e9s individuelles et payer plus de taxes pour se sentir artificiellement en s\u00e9curit\u00e9 dans des programmes sociaux mal faits que de prendre des risques et de payer occasionnellement et moins soi-m\u00eame en cas de besoin. C&rsquo;est une attitude tout-\u00e0-fait d\u00e9plorable et encore plus pour une soci\u00e9t\u00e9 visant \u00e0 obtenir son autonomie politique. <\/p>\n","protected":false},"excerpt":{"rendered":"<p>Vivre au Qu\u00e9bec signifie devoir accepter de vivre dans un r\u00e9gime hyper-interventionniste doubl\u00e9 de deux gouvernements centralisateurs forts. Peut-\u00eatre, est-ce que c&rsquo;est d\u00fb au triste h\u00e9ritage colonis\u00e9 et jud\u00e9o-chr\u00e9tien de la majorit\u00e9 de devoir se soumettre \u00e0 l&rsquo;autorit\u00e9 du r\u00e9gime anglais et du clerg\u00e9 catholique. Tout fait qu&rsquo;aujourd&rsquo;hui, la population semble avoir probl\u00e8me d&rsquo;autonomie (autre &hellip; <a href=\"http:\/\/barraclou.com\/media\/blog\/2008\/06\/04\/21-juin-2006-republique-de-bananes\/\" class=\"more-link\">Continuer la lecture de <span class=\"screen-reader-text\">21 juin 2006: R\u00e9publique de bananes<\/span>  <span class=\"meta-nav\">&rarr;<\/span><\/a><\/p>\n","protected":false},"author":2,"featured_media":0,"comment_status":"open","ping_status":"open","sticky":false,"template":"","format":"standard","meta":{"footnotes":""},"categories":[3,6],"tags":[],"class_list":["post-90","post","type-post","status-publish","format-standard","hentry","category-archives","category-politique"],"_links":{"self":[{"href":"http:\/\/barraclou.com\/media\/blog\/wp-json\/wp\/v2\/posts\/90","targetHints":{"allow":["GET"]}}],"collection":[{"href":"http:\/\/barraclou.com\/media\/blog\/wp-json\/wp\/v2\/posts"}],"about":[{"href":"http:\/\/barraclou.com\/media\/blog\/wp-json\/wp\/v2\/types\/post"}],"author":[{"embeddable":true,"href":"http:\/\/barraclou.com\/media\/blog\/wp-json\/wp\/v2\/users\/2"}],"replies":[{"embeddable":true,"href":"http:\/\/barraclou.com\/media\/blog\/wp-json\/wp\/v2\/comments?post=90"}],"version-history":[{"count":0,"href":"http:\/\/barraclou.com\/media\/blog\/wp-json\/wp\/v2\/posts\/90\/revisions"}],"wp:attachment":[{"href":"http:\/\/barraclou.com\/media\/blog\/wp-json\/wp\/v2\/media?parent=90"}],"wp:term":[{"taxonomy":"category","embeddable":true,"href":"http:\/\/barraclou.com\/media\/blog\/wp-json\/wp\/v2\/categories?post=90"},{"taxonomy":"post_tag","embeddable":true,"href":"http:\/\/barraclou.com\/media\/blog\/wp-json\/wp\/v2\/tags?post=90"}],"curies":[{"name":"wp","href":"https:\/\/api.w.org\/{rel}","templated":true}]}}