{"id":87,"date":"2008-06-04T20:32:09","date_gmt":"2008-06-05T03:32:09","guid":{"rendered":"http:\/\/barraclou.com\/media\/blog\/?p=87"},"modified":"2008-06-06T14:53:00","modified_gmt":"2008-06-06T21:53:00","slug":"15-juin-2006-attention-pietons","status":"publish","type":"post","link":"http:\/\/barraclou.com\/media\/blog\/2008\/06\/04\/15-juin-2006-attention-pietons\/","title":{"rendered":"15 juin 2006: Attention pi\u00e9tons"},"content":{"rendered":"<p><a href=\"\/photo\/skyline\/qc\/victoriaville_ventetrottoir3.jpg\"><img decoding=\"async\" src=\"\/photo\/skyline\/qc\/tn_victoriaville_ventetrottoir3.jpg\" alt=\"Vente-trottoir\" \/><\/a><\/p>\n<p>Le centre-ville de Victoriaville est tellement rendu tranquille qu&rsquo;ils doivent installer des pancartes sur les trottoirs pour avertir la possibilit\u00e9 de rencontrer des pi\u00e9tons. Une chance qu&rsquo;il y a la vente-trottoir!<\/p>\n<p><a href=\"\/photo\/skyline\/qc\/victoriaville_ventetrottoir2.jpg\"><img decoding=\"async\" src=\"\/photo\/skyline\/qc\/tn_victoriaville_ventetrottoir2.jpg\" alt=\"Vente-trottoir\" \/><\/a><\/p>\n<p>Justement en parlant de la vente-trottoir, ces quelques jours de rares signes de vie dans ce coin de cette municipalit\u00e9. C&rsquo;est triste de voir comment le secteur continue de d\u00e9cliner et o\u00f9 commerces et r\u00e9els sp\u00e9ciaux se font toujours de plus en plus rares. Par exemple, trouver une paire de bermudas d\u00e9cents neufs ayant moins de 20 ans et \u00e0 moins de 40$ semble maintenant rel\u00e8ver du r\u00eave. Toutefois, on peut voir des sc\u00e8nes \u00e9tranges o\u00f9 certains magasinent en se prom\u00e8nant avec des arbres.<\/p>\n","protected":false},"excerpt":{"rendered":"<p>Le centre-ville de Victoriaville est tellement rendu tranquille qu&rsquo;ils doivent installer des pancartes sur les trottoirs pour avertir la possibilit\u00e9 de rencontrer des pi\u00e9tons. Une chance qu&rsquo;il y a la vente-trottoir! Justement en parlant de la vente-trottoir, ces quelques jours de rares signes de vie dans ce coin de cette municipalit\u00e9. C&rsquo;est triste de voir &hellip; <a href=\"http:\/\/barraclou.com\/media\/blog\/2008\/06\/04\/15-juin-2006-attention-pietons\/\" class=\"more-link\">Continuer la lecture de <span class=\"screen-reader-text\">15 juin 2006: Attention pi\u00e9tons<\/span>  <span class=\"meta-nav\">&rarr;<\/span><\/a><\/p>\n","protected":false},"author":2,"featured_media":0,"comment_status":"open","ping_status":"open","sticky":false,"template":"","format":"standard","meta":{"footnotes":""},"categories":[3,17,7],"tags":[],"class_list":["post-87","post","type-post","status-publish","format-standard","hentry","category-archives","category-centre-du-quebec","category-consommation"],"_links":{"self":[{"href":"http:\/\/barraclou.com\/media\/blog\/wp-json\/wp\/v2\/posts\/87","targetHints":{"allow":["GET"]}}],"collection":[{"href":"http:\/\/barraclou.com\/media\/blog\/wp-json\/wp\/v2\/posts"}],"about":[{"href":"http:\/\/barraclou.com\/media\/blog\/wp-json\/wp\/v2\/types\/post"}],"author":[{"embeddable":true,"href":"http:\/\/barraclou.com\/media\/blog\/wp-json\/wp\/v2\/users\/2"}],"replies":[{"embeddable":true,"href":"http:\/\/barraclou.com\/media\/blog\/wp-json\/wp\/v2\/comments?post=87"}],"version-history":[{"count":0,"href":"http:\/\/barraclou.com\/media\/blog\/wp-json\/wp\/v2\/posts\/87\/revisions"}],"wp:attachment":[{"href":"http:\/\/barraclou.com\/media\/blog\/wp-json\/wp\/v2\/media?parent=87"}],"wp:term":[{"taxonomy":"category","embeddable":true,"href":"http:\/\/barraclou.com\/media\/blog\/wp-json\/wp\/v2\/categories?post=87"},{"taxonomy":"post_tag","embeddable":true,"href":"http:\/\/barraclou.com\/media\/blog\/wp-json\/wp\/v2\/tags?post=87"}],"curies":[{"name":"wp","href":"https:\/\/api.w.org\/{rel}","templated":true}]}}