{"id":76,"date":"2008-06-04T20:02:27","date_gmt":"2008-06-05T03:02:27","guid":{"rendered":"http:\/\/barraclou.com\/media\/blog\/?p=76"},"modified":"2008-06-04T20:02:27","modified_gmt":"2008-06-05T03:02:27","slug":"15-avril-2006-interet-public-censure","status":"publish","type":"post","link":"http:\/\/barraclou.com\/media\/blog\/2008\/06\/04\/15-avril-2006-interet-public-censure\/","title":{"rendered":"15 avril 2006: Int\u00e9r\u00eat public censur\u00e9"},"content":{"rendered":"<p><a href=\"\/photo\/police\/daveluyville_accident01.jpg\"><img decoding=\"async\" src=\"\/photo\/police\/tn_daveluyville_accident01.jpg\" alt=\"Daveluyville\" \/><\/a><br \/>\n<a href=\"\/photo\/police\/daveluyville_accident02.jpg\"><img decoding=\"async\" src=\"\/photo\/police\/tn_daveluyville_accident02.jpg\" alt=\"Daveluyville\" \/><\/a><br \/>\n<a href=\"\/photo\/police\/daveluyville_accident03.jpg\"><img decoding=\"async\" src=\"\/photo\/police\/tn_daveluyville_accident03.jpg\" alt=\"Daveluyville\" \/><\/a><br \/>\n<a href=\"\/photo\/police\/daveluyville_accident04.jpg\"><img decoding=\"async\" src=\"\/photo\/police\/tn_daveluyville_accident04.jpg\" alt=\"Daveluyville\" \/><\/a><br \/>\n<a href=\"\/photo\/police\/daveluyville_accident05.jpg\"><img decoding=\"async\" src=\"\/photo\/police\/tn_daveluyville_accident05.jpg\" alt=\"Daveluyville\" \/><\/a><br \/>\n<a href=\"\/photo\/police\/daveluyville_accident06.jpg\"><img decoding=\"async\" src=\"\/photo\/police\/tn_daveluyville_accident06.jpg\" alt=\"Daveluyville\" \/><\/a><br \/>\n<a href=\"\/photo\/police\/daveluyville_accident07.jpg\"><img decoding=\"async\" src=\"\/photo\/police\/tn_daveluyville_accident07.jpg\" alt=\"Daveluyville\" \/><\/a><br \/>\nAccident mortel avec 3 morts \u00e0 Daveluyville ce matin.<\/p>\n<p>Voyez la sc\u00e8ne et ses informations d&rsquo;int\u00e9r\u00eat publics que nos policiers en moyens de pression ne veulent pas que vous voyez ailleurs qu&rsquo;en personne (malgr\u00e9 que certains plans ont \u00e9t\u00e9 diffus\u00e9s dans d&rsquo;autres m\u00e9dias). Il semble que nos agents de la police provinciale qu\u00e9b\u00e9coise n&rsquo;aillent pas de remords \u00e0 donner des traitements de faveur \u00e0 certains personnes et \u00e0 nuire de fa\u00e7on injustifi\u00e9e \u00e0 l&rsquo;int\u00e9grit\u00e9 des autres. On se contraint \u00e0 vous y voir en dehors du cordon, mais pas question que vous prenez des photos publiquement dans ces environs.<\/p>\n<p>Si on ne ment pas, qu&rsquo;on n&rsquo;a rien \u00e0 cacher ou qu&rsquo;on ne fait rien de mal, pourquoi insister aussi impoliment et avec autant d&rsquo;ardeur pour briser les droits de la presse et de la personne de l\u00e9gitime citoyens du pays? Pourquoi refuser de s&rsquo;identifier clairement \u00e0 la population et gaspiller le temps de travail pay\u00e9 par les fonds publics pour abuser ainsi de son pouvoir? Est-ce qu&rsquo;on serait faire prendre dans le tort? Est-ce que quelque chose sur la sc\u00e8ne doit \u00eatre filtr\u00e9, contr\u00f4l\u00e9 ou censur\u00e9 par l&rsquo;agent de service au d\u00e9partement des relations publiques situ\u00e9 \u00e0 Montr\u00e9al, m\u00eame si celui-ci n&rsquo;a m\u00eame pas mis les pieds sur place? Pourquoi exercer la m\u00eame censure que les pays totalitaires dans un pays qui se vante d&rsquo;avoir un r\u00e9gime des plus diplomatiques et transparents au monde? Point de vue, attitude professionnelle, d\u00e9veloppement de meilleures relations publiques, puis rapprochement et tissage de nouveaux liens avec la population, on repassera. Ce n&rsquo;est pas comme \u00e7a que vous allez mettre cette derni\u00e8re de votre bord. Je devrais publier ici le nom des agents qui ont agit de la sorte, mais \u00e9tant donn\u00e9 qu&rsquo;ils ont la m\u00e8che courte, je ne d\u00e9sire pas avoir de repr\u00e9sailles. De plus, je suis pr\u00eat \u00e0 leur donne une chance suppl\u00e9mentaire (probablement inutilement) de se racheter.<\/p>\n<p>\u00c9galement, c&rsquo;est maintenant confirm\u00e9: je me suis enfin d\u00e9barass\u00e9 de mon infernal souris d&rsquo;ordinateur!<\/p>\n","protected":false},"excerpt":{"rendered":"<p>Accident mortel avec 3 morts \u00e0 Daveluyville ce matin. Voyez la sc\u00e8ne et ses informations d&rsquo;int\u00e9r\u00eat publics que nos policiers en moyens de pression ne veulent pas que vous voyez ailleurs qu&rsquo;en personne (malgr\u00e9 que certains plans ont \u00e9t\u00e9 diffus\u00e9s dans d&rsquo;autres m\u00e9dias). Il semble que nos agents de la police provinciale qu\u00e9b\u00e9coise n&rsquo;aillent pas &hellip; <a href=\"http:\/\/barraclou.com\/media\/blog\/2008\/06\/04\/15-avril-2006-interet-public-censure\/\" class=\"more-link\">Continuer la lecture de <span class=\"screen-reader-text\">15 avril 2006: Int\u00e9r\u00eat public censur\u00e9<\/span>  <span class=\"meta-nav\">&rarr;<\/span><\/a><\/p>\n","protected":false},"author":2,"featured_media":0,"comment_status":"open","ping_status":"open","sticky":false,"template":"","format":"standard","meta":{"footnotes":""},"categories":[3,17],"tags":[],"class_list":["post-76","post","type-post","status-publish","format-standard","hentry","category-archives","category-centre-du-quebec"],"_links":{"self":[{"href":"http:\/\/barraclou.com\/media\/blog\/wp-json\/wp\/v2\/posts\/76","targetHints":{"allow":["GET"]}}],"collection":[{"href":"http:\/\/barraclou.com\/media\/blog\/wp-json\/wp\/v2\/posts"}],"about":[{"href":"http:\/\/barraclou.com\/media\/blog\/wp-json\/wp\/v2\/types\/post"}],"author":[{"embeddable":true,"href":"http:\/\/barraclou.com\/media\/blog\/wp-json\/wp\/v2\/users\/2"}],"replies":[{"embeddable":true,"href":"http:\/\/barraclou.com\/media\/blog\/wp-json\/wp\/v2\/comments?post=76"}],"version-history":[{"count":0,"href":"http:\/\/barraclou.com\/media\/blog\/wp-json\/wp\/v2\/posts\/76\/revisions"}],"wp:attachment":[{"href":"http:\/\/barraclou.com\/media\/blog\/wp-json\/wp\/v2\/media?parent=76"}],"wp:term":[{"taxonomy":"category","embeddable":true,"href":"http:\/\/barraclou.com\/media\/blog\/wp-json\/wp\/v2\/categories?post=76"},{"taxonomy":"post_tag","embeddable":true,"href":"http:\/\/barraclou.com\/media\/blog\/wp-json\/wp\/v2\/tags?post=76"}],"curies":[{"name":"wp","href":"https:\/\/api.w.org\/{rel}","templated":true}]}}