{"id":627,"date":"2012-12-16T11:44:43","date_gmt":"2012-12-16T15:44:43","guid":{"rendered":"http:\/\/barraclou.com\/media\/blog\/?p=627"},"modified":"2012-12-16T11:44:43","modified_gmt":"2012-12-16T15:44:43","slug":"comment-un-vegetarien-desosse-du-poulet","status":"publish","type":"post","link":"http:\/\/barraclou.com\/media\/blog\/2012\/12\/16\/comment-un-vegetarien-desosse-du-poulet\/","title":{"rendered":"Comment un v\u00e9g\u00e9tarien d\u00e9sosse du poulet"},"content":{"rendered":"<p>La fruiterie Le V\u00e9g\u00e9tarien annonce du poulet d\u00e9ssoss\u00e9 en sp\u00e9cial. En fait, ils annoncent du \u00ab\u00a0poulet d\u00e9sosser\u00a0\u00bb. C&rsquo;est \u00e9trange qu&rsquo;un magasin de fruits et de l\u00e9gumes annonce qu&rsquo;il vend de la viande, surtout si son nom est Le V\u00e9g\u00e9tarien. Ca a beau \u00eatre juste une histoire de nom et de marketing, mais c&rsquo;est encore pire quand le participe pass\u00e9 n&rsquo;est pas accord\u00e9 correctement sur la principale enseigne du commerce.<\/p>\n<p>D&rsquo;ailleurs, pour ceux qui ne le savent pas, Le V\u00e9g\u00e9tarien (incluant ses banni\u00e8res Les Arpents Verts et Jardin du Mont) fait parti maintenant de la m\u00eame compagnie que Le jardin mobile dans la r\u00e9gion de Qu\u00e9bec, car les deux ont fusionn\u00e9s ensemble au printemps 2011.<\/p>\n<div align=\"center\"><a href=\"http:\/\/barraclou.com\/media\/blog\/wp-content\/uploads\/vegetarien_desosse.jpg\"><img loading=\"lazy\" decoding=\"async\" src=\"http:\/\/barraclou.com\/media\/blog\/wp-content\/uploads\/vegetarien_desosse.jpg\" width=\"400\" height=\"300\" alt=\"Comment un v\u00e9g\u00e9tarien d\u00e9sosse du poulet\" \/><\/a><\/div>\n","protected":false},"excerpt":{"rendered":"<p>La fruiterie Le V\u00e9g\u00e9tarien annonce du poulet d\u00e9ssoss\u00e9 en sp\u00e9cial. En fait, ils annoncent du \u00ab\u00a0poulet d\u00e9sosser\u00a0\u00bb. C&rsquo;est \u00e9trange qu&rsquo;un magasin de fruits et de l\u00e9gumes annonce qu&rsquo;il vend de la viande, surtout si son nom est Le V\u00e9g\u00e9tarien. Ca a beau \u00eatre juste une histoire de nom et de marketing, mais c&rsquo;est encore pire &hellip; <a href=\"http:\/\/barraclou.com\/media\/blog\/2012\/12\/16\/comment-un-vegetarien-desosse-du-poulet\/\" class=\"more-link\">Continuer la lecture de <span class=\"screen-reader-text\">Comment un v\u00e9g\u00e9tarien d\u00e9sosse du poulet<\/span>  <span class=\"meta-nav\">&rarr;<\/span><\/a><\/p>\n","protected":false},"author":2,"featured_media":0,"comment_status":"open","ping_status":"open","sticky":false,"template":"","format":"standard","meta":{"footnotes":""},"categories":[17,18],"tags":[],"class_list":["post-627","post","type-post","status-publish","format-standard","hentry","category-centre-du-quebec","category-langue"],"_links":{"self":[{"href":"http:\/\/barraclou.com\/media\/blog\/wp-json\/wp\/v2\/posts\/627","targetHints":{"allow":["GET"]}}],"collection":[{"href":"http:\/\/barraclou.com\/media\/blog\/wp-json\/wp\/v2\/posts"}],"about":[{"href":"http:\/\/barraclou.com\/media\/blog\/wp-json\/wp\/v2\/types\/post"}],"author":[{"embeddable":true,"href":"http:\/\/barraclou.com\/media\/blog\/wp-json\/wp\/v2\/users\/2"}],"replies":[{"embeddable":true,"href":"http:\/\/barraclou.com\/media\/blog\/wp-json\/wp\/v2\/comments?post=627"}],"version-history":[{"count":1,"href":"http:\/\/barraclou.com\/media\/blog\/wp-json\/wp\/v2\/posts\/627\/revisions"}],"predecessor-version":[{"id":628,"href":"http:\/\/barraclou.com\/media\/blog\/wp-json\/wp\/v2\/posts\/627\/revisions\/628"}],"wp:attachment":[{"href":"http:\/\/barraclou.com\/media\/blog\/wp-json\/wp\/v2\/media?parent=627"}],"wp:term":[{"taxonomy":"category","embeddable":true,"href":"http:\/\/barraclou.com\/media\/blog\/wp-json\/wp\/v2\/categories?post=627"},{"taxonomy":"post_tag","embeddable":true,"href":"http:\/\/barraclou.com\/media\/blog\/wp-json\/wp\/v2\/tags?post=627"}],"curies":[{"name":"wp","href":"https:\/\/api.w.org\/{rel}","templated":true}]}}