{"id":341,"date":"2009-09-04T00:18:07","date_gmt":"2009-09-04T04:18:07","guid":{"rendered":"http:\/\/barraclou.com\/media\/blog\/?p=341"},"modified":"2009-09-04T00:18:07","modified_gmt":"2009-09-04T04:18:07","slug":"lart-de-bien-se-stationner","status":"publish","type":"post","link":"http:\/\/barraclou.com\/media\/blog\/2009\/09\/04\/lart-de-bien-se-stationner\/","title":{"rendered":"L&rsquo;art de bien se stationner"},"content":{"rendered":"<p>On se questionne sur les comp\u00e9tences de certains employ\u00e9s de magasin, mais quoi dire de ceux de certains clients. Dans le cas pr\u00e9sent, un client a stationn\u00e9e sa camionnette \u00e0 cheval sur deux places pour handicap\u00e9s et avec sa remorque qui d\u00e9passait dans l&rsquo;all\u00e9e. Pourtant, le reste du stationnement \u00e9tait vide et pouvait facilement trouver une place sur deux rang\u00e9es \u00e0 quelques pas de l\u00e0.<\/p>\n<div align=\"center\"><a href=\"http:\/\/barraclou.com\/media\/blog\/wp-content\/uploads\/parking_art.jpg\"><img loading=\"lazy\" decoding=\"async\" src=\"http:\/\/barraclou.com\/media\/blog\/wp-content\/uploads\/parking_art.jpg\" width=\"440\" height=\"330\" alt=\"L'art de se stationner\" \/><\/a><\/div>\n","protected":false},"excerpt":{"rendered":"<p>On se questionne sur les comp\u00e9tences de certains employ\u00e9s de magasin, mais quoi dire de ceux de certains clients. Dans le cas pr\u00e9sent, un client a stationn\u00e9e sa camionnette \u00e0 cheval sur deux places pour handicap\u00e9s et avec sa remorque qui d\u00e9passait dans l&rsquo;all\u00e9e. Pourtant, le reste du stationnement \u00e9tait vide et pouvait facilement trouver &hellip; <a href=\"http:\/\/barraclou.com\/media\/blog\/2009\/09\/04\/lart-de-bien-se-stationner\/\" class=\"more-link\">Continuer la lecture de <span class=\"screen-reader-text\">L&rsquo;art de bien se stationner<\/span>  <span class=\"meta-nav\">&rarr;<\/span><\/a><\/p>\n","protected":false},"author":2,"featured_media":0,"comment_status":"open","ping_status":"open","sticky":false,"template":"","format":"standard","meta":{"footnotes":""},"categories":[17,26],"tags":[],"class_list":["post-341","post","type-post","status-publish","format-standard","hentry","category-centre-du-quebec","category-coups-de-pieds-dans-le-cul-perdus"],"_links":{"self":[{"href":"http:\/\/barraclou.com\/media\/blog\/wp-json\/wp\/v2\/posts\/341","targetHints":{"allow":["GET"]}}],"collection":[{"href":"http:\/\/barraclou.com\/media\/blog\/wp-json\/wp\/v2\/posts"}],"about":[{"href":"http:\/\/barraclou.com\/media\/blog\/wp-json\/wp\/v2\/types\/post"}],"author":[{"embeddable":true,"href":"http:\/\/barraclou.com\/media\/blog\/wp-json\/wp\/v2\/users\/2"}],"replies":[{"embeddable":true,"href":"http:\/\/barraclou.com\/media\/blog\/wp-json\/wp\/v2\/comments?post=341"}],"version-history":[{"count":1,"href":"http:\/\/barraclou.com\/media\/blog\/wp-json\/wp\/v2\/posts\/341\/revisions"}],"predecessor-version":[{"id":342,"href":"http:\/\/barraclou.com\/media\/blog\/wp-json\/wp\/v2\/posts\/341\/revisions\/342"}],"wp:attachment":[{"href":"http:\/\/barraclou.com\/media\/blog\/wp-json\/wp\/v2\/media?parent=341"}],"wp:term":[{"taxonomy":"category","embeddable":true,"href":"http:\/\/barraclou.com\/media\/blog\/wp-json\/wp\/v2\/categories?post=341"},{"taxonomy":"post_tag","embeddable":true,"href":"http:\/\/barraclou.com\/media\/blog\/wp-json\/wp\/v2\/tags?post=341"}],"curies":[{"name":"wp","href":"https:\/\/api.w.org\/{rel}","templated":true}]}}