{"id":29,"date":"2008-06-04T14:01:52","date_gmt":"2008-06-04T21:01:52","guid":{"rendered":"http:\/\/barraclou.com\/media\/blog\/?p=29"},"modified":"2008-06-04T14:01:52","modified_gmt":"2008-06-04T21:01:52","slug":"9-juin-2005-maux-de-blocs","status":"publish","type":"post","link":"http:\/\/barraclou.com\/media\/blog\/2008\/06\/04\/9-juin-2005-maux-de-blocs\/","title":{"rendered":"9 juin 2005: Maux de blocs"},"content":{"rendered":"<p>Quelques mots sur la d\u00e9mission de Bernard Landry comme chef du parti Qu\u00e9b\u00e9cois. Je respecte la long\u00e9vit\u00e9 de sa carri\u00e8re et le choix de quitter son poste, mais ce geste d\u00e9montre l&rsquo;instabilit\u00e9 et la cannibalisme qui a court au sein de ce parti. Il serait peut-\u00eatre pr\u00e9f\u00e9rable que les deux blocs (les mod\u00e9r\u00e9s et les radicaux de gauche) se divisent en deux partis au lieu de toujours s&rsquo;entre-d\u00e9chirer sur la place publique. Ils se nuisent bien plus entre-eux \u00e0 leur cause plut\u00f4t qu&rsquo;autrement. Il y a souvent plus de tensions de l&rsquo;int\u00e9rieur de ce parti que de la part de leurs nombreux opposants. Leur qu\u00eate personnelle du pouvoir a souvent bien plus d&rsquo;importance que tout le reste. Maintenant, il reste \u00e0 voir comment ce spectacle va se continuer&#8230;<\/p>\n<p>Au sujet de la d\u00e9cision de la Cour supr\u00eame du Canada sur la l\u00e9gitimit\u00e9 de prohiber les assurances priv\u00e9es en mati\u00e8re de soin de sant\u00e9 au Qu\u00e9bec. Quel mal y a-t-il de permettre une certaine comp\u00e9tition d&rsquo;h\u00f4pitaux priv\u00e9es, si on continue de maintenir le syst\u00e8me de sant\u00e9 publique actuelle accessible \u00e0 tous? Si certains gens sont pr\u00eats \u00e0 payer et veulent payer pour une \u00ab\u00a0voie rapide \u00e0 payage\u00a0\u00bb (\u00ab\u00a0toll express lane\u00a0\u00bb), je ne vois pas de mal l\u00e0. Il s&rsquo;agit d&rsquo;un libre choix personnel et non, d&rsquo;une obligation. Ce n&rsquo;est pas de la m\u00e9decine \u00e0 deux vitesse, ni une privatisation du syst\u00e8me de sant\u00e9 publique. Je m&rsquo;inqui\u00e8te bien plus d&rsquo;avoir vu au cours des ann\u00e9es 1980, l&rsquo;ancien ministre des Finances du gouvernement lib\u00e9ral de l&rsquo;\u00e9poque, G\u00e9rald D. L\u00e9vesque, avoir d\u00e9assur\u00e9 les soins dentaires et d&rsquo;optom\u00e9trie. Ca, c&rsquo;est beaucoup plus grave, car on a oblig\u00e9 \u00e0 facturer des soins qui \u00e9taient autrefois couverts par le syst\u00e8me publique d&rsquo;assurances. Je crois bien plus que le gouvernement a bien plus peur de ce \u00ab\u00a0partenariat officieux\u00a0\u00bb, car il va representer de la concurrance performante devant un syst\u00e8me publique malade et qui craque de partout. De leur c\u00f4t\u00e9, les syndicats ont beaucoup plus peur de perdre du pouvoir de n\u00e9gocier dans ce milieu professionnel, car ils leur est plus facile de n\u00e9gocier avec un gouvernement tr\u00e8s flexible, car en qu\u00eate perpetuelle de bons sondages et de r\u00e9\u00e9lections prochaines qu&rsquo;avec des entrepreneurs en qu\u00eate de performances et d&rsquo;une certaine rentabilit\u00e9.<\/p>\n<p>Dans un autre ordre d&rsquo;id\u00e9e, pouvez-vous m&rsquo;expliquer ce qui se passe avec le d\u00e9put\u00e9 f\u00e9d\u00e9ral de Newton-Delta North (Colombie-Britannique), Gurmant Grewal? Il semble vraiment d\u00e9sesp\u00e9r\u00e9 d&rsquo;avoir l&rsquo;attention sur lui en commettant erreurs sur erreurs. Apr\u00e8s l&rsquo;histoire des cassettes secr\u00e8tes truqu\u00e9es, on apprend maintenant que le d\u00e9put\u00e9 cherchait \u00e0 conna\u00eetre la liste de passagers d&rsquo;un vol \u00e0 destination d&rsquo;Ottawa et il a travers\u00e9 la zone franche de l&rsquo;a\u00e9roport de Vancouver pour trouver quelqu&rsquo;un voulant transporter de quoi pour lui. N&rsquo;a-t-il jamais entendu parler des messageries, tel Purolator ou Fedex? Je ne sais, mais \u00e7a s&rsquo;appelle vraiment \u00ab\u00a0courir apr\u00e8s le trouble\u00a0\u00bb.<\/p>\n<p>\u00ab\u00a0Boire plus de trois berlingots de lait par jour augmenterait du tiers le risque d&rsquo;ob\u00e9sit\u00e9 chez les enfants, selon une nouvelle \u00e9tude de l&rsquo;Universit\u00e9 Harvard. Les travaux de la biostatisticienne Catherine Berkey ravivent la controverse sur les vertus du lait, alors m\u00eame que l&rsquo;industrie laiti\u00e8re aux \u00c9tats-Unis s&rsquo;est lanc\u00e9e dans une campagne publicitaire de 200 millions de dollars am\u00e9ricains pour convaincre la population que le lait aide \u00e0 perdre du poids.\u00a0\u00bb(Nouvelle telle que rapport\u00e9e aujourd&rsquo;hui par Mathieu Perreault sur cyberpresse.ca et dans le journal La Presse de Montr\u00e9al.) Pouvez-vous aussi me dire qu&rsquo;est-ce que c&rsquo;est cette id\u00e9e de boire du lait pour maigrir? D&rsquo;un autre c\u00f4t\u00e9, depuis de nombreuses ann\u00e9es, on se fait marteler (pour ne pas dire \u00ab\u00a0brainwasher\u00a0\u00bb) \u00e0 se faire dire que le lait est l&rsquo;un des meilleurs aliments existants et l&rsquo;un des plus complets ici, puis l\u00e0, c&rsquo;est rendu que c&rsquo;est nocif, car \u00e7a fait engraisser. Itch.<\/p>\n","protected":false},"excerpt":{"rendered":"<p>Quelques mots sur la d\u00e9mission de Bernard Landry comme chef du parti Qu\u00e9b\u00e9cois. Je respecte la long\u00e9vit\u00e9 de sa carri\u00e8re et le choix de quitter son poste, mais ce geste d\u00e9montre l&rsquo;instabilit\u00e9 et la cannibalisme qui a court au sein de ce parti. Il serait peut-\u00eatre pr\u00e9f\u00e9rable que les deux blocs (les mod\u00e9r\u00e9s et les &hellip; <a href=\"http:\/\/barraclou.com\/media\/blog\/2008\/06\/04\/9-juin-2005-maux-de-blocs\/\" class=\"more-link\">Continuer la lecture de <span class=\"screen-reader-text\">9 juin 2005: Maux de blocs<\/span>  <span class=\"meta-nav\">&rarr;<\/span><\/a><\/p>\n","protected":false},"author":2,"featured_media":0,"comment_status":"open","ping_status":"open","sticky":false,"template":"","format":"standard","meta":{"footnotes":""},"categories":[3,6],"tags":[],"class_list":["post-29","post","type-post","status-publish","format-standard","hentry","category-archives","category-politique"],"_links":{"self":[{"href":"http:\/\/barraclou.com\/media\/blog\/wp-json\/wp\/v2\/posts\/29","targetHints":{"allow":["GET"]}}],"collection":[{"href":"http:\/\/barraclou.com\/media\/blog\/wp-json\/wp\/v2\/posts"}],"about":[{"href":"http:\/\/barraclou.com\/media\/blog\/wp-json\/wp\/v2\/types\/post"}],"author":[{"embeddable":true,"href":"http:\/\/barraclou.com\/media\/blog\/wp-json\/wp\/v2\/users\/2"}],"replies":[{"embeddable":true,"href":"http:\/\/barraclou.com\/media\/blog\/wp-json\/wp\/v2\/comments?post=29"}],"version-history":[{"count":0,"href":"http:\/\/barraclou.com\/media\/blog\/wp-json\/wp\/v2\/posts\/29\/revisions"}],"wp:attachment":[{"href":"http:\/\/barraclou.com\/media\/blog\/wp-json\/wp\/v2\/media?parent=29"}],"wp:term":[{"taxonomy":"category","embeddable":true,"href":"http:\/\/barraclou.com\/media\/blog\/wp-json\/wp\/v2\/categories?post=29"},{"taxonomy":"post_tag","embeddable":true,"href":"http:\/\/barraclou.com\/media\/blog\/wp-json\/wp\/v2\/tags?post=29"}],"curies":[{"name":"wp","href":"https:\/\/api.w.org\/{rel}","templated":true}]}}