{"id":272,"date":"2009-06-14T21:53:27","date_gmt":"2009-06-15T01:53:27","guid":{"rendered":"http:\/\/barraclou.com\/media\/blog\/?p=272"},"modified":"2009-06-14T21:59:43","modified_gmt":"2009-06-15T01:59:43","slug":"infrastructures-publiques-negligees","status":"publish","type":"post","link":"http:\/\/barraclou.com\/media\/blog\/2009\/06\/14\/infrastructures-publiques-negligees\/","title":{"rendered":"Infrastructures publiques n\u00e9glig\u00e9es"},"content":{"rendered":"<p>D&rsquo;autres examples de rues mal entretenues et mal r\u00e9par\u00e9es \u00e0 Victoriaville. A remarquer que sur la premi\u00e8re photo, l&rsquo;\u00e9gout pluvial typique du secteur est aussi mal en point que la partie de chauss\u00e9e pr\u00e8s du coin du trottoir, que sur la deuxi\u00e8me photo, il n&rsquo;ont jamais pens\u00e9 \u00e0 ajuster la hauteur du tuyau avec le niveau de la rue (courant \u00e9galement dans le secteur) et que sur la troisi\u00e8me photo, le trou a \u00e9t\u00e9 mal r\u00e9par\u00e9e et qu&rsquo;une partie de la craque n&rsquo;a jamais \u00e9t\u00e9 corrig\u00e9.<\/p>\n<div align=\"center\"><a href=\"http:\/\/www.barraclou.com\/media\/blog\/wp-content\/uploads\/victoriaville_090612a.jpg\"><img decoding=\"async\" src=\"http:\/\/www.barraclou.com\/media\/blog\/wp-content\/uploads\/tn_victoriaville_090612a.jpg\" alt=\"rues d\u00e9labr\u00e9es\" \/><\/a><a href=\"http:\/\/www.barraclou.com\/media\/blog\/wp-content\/uploads\/victoriaville_090612b.jpg\"><img decoding=\"async\" src=\"http:\/\/www.barraclou.com\/media\/blog\/wp-content\/uploads\/tn_victoriaville_090612b.jpg\" alt=\"rues d\u00e9labr\u00e9es\" \/><\/a><br \/><a href=\"http:\/\/www.barraclou.com\/media\/blog\/wp-content\/uploads\/victoriaville_090612c.jpg\"><img decoding=\"async\" src=\"http:\/\/www.barraclou.com\/media\/blog\/wp-content\/uploads\/tn_victoriaville_090612c.jpg\" alt=\"rues d\u00e9labr\u00e9es\" \/><\/a><\/div>\n","protected":false},"excerpt":{"rendered":"<p>D&rsquo;autres examples de rues mal entretenues et mal r\u00e9par\u00e9es \u00e0 Victoriaville. A remarquer que sur la premi\u00e8re photo, l&rsquo;\u00e9gout pluvial typique du secteur est aussi mal en point que la partie de chauss\u00e9e pr\u00e8s du coin du trottoir, que sur la deuxi\u00e8me photo, il n&rsquo;ont jamais pens\u00e9 \u00e0 ajuster la hauteur du tuyau avec le &hellip; <a href=\"http:\/\/barraclou.com\/media\/blog\/2009\/06\/14\/infrastructures-publiques-negligees\/\" class=\"more-link\">Continuer la lecture de <span class=\"screen-reader-text\">Infrastructures publiques n\u00e9glig\u00e9es<\/span>  <span class=\"meta-nav\">&rarr;<\/span><\/a><\/p>\n","protected":false},"author":2,"featured_media":0,"comment_status":"open","ping_status":"open","sticky":false,"template":"","format":"standard","meta":{"footnotes":""},"categories":[17,21],"tags":[],"class_list":["post-272","post","type-post","status-publish","format-standard","hentry","category-centre-du-quebec","category-urbanisme"],"_links":{"self":[{"href":"http:\/\/barraclou.com\/media\/blog\/wp-json\/wp\/v2\/posts\/272","targetHints":{"allow":["GET"]}}],"collection":[{"href":"http:\/\/barraclou.com\/media\/blog\/wp-json\/wp\/v2\/posts"}],"about":[{"href":"http:\/\/barraclou.com\/media\/blog\/wp-json\/wp\/v2\/types\/post"}],"author":[{"embeddable":true,"href":"http:\/\/barraclou.com\/media\/blog\/wp-json\/wp\/v2\/users\/2"}],"replies":[{"embeddable":true,"href":"http:\/\/barraclou.com\/media\/blog\/wp-json\/wp\/v2\/comments?post=272"}],"version-history":[{"count":4,"href":"http:\/\/barraclou.com\/media\/blog\/wp-json\/wp\/v2\/posts\/272\/revisions"}],"predecessor-version":[{"id":275,"href":"http:\/\/barraclou.com\/media\/blog\/wp-json\/wp\/v2\/posts\/272\/revisions\/275"}],"wp:attachment":[{"href":"http:\/\/barraclou.com\/media\/blog\/wp-json\/wp\/v2\/media?parent=272"}],"wp:term":[{"taxonomy":"category","embeddable":true,"href":"http:\/\/barraclou.com\/media\/blog\/wp-json\/wp\/v2\/categories?post=272"},{"taxonomy":"post_tag","embeddable":true,"href":"http:\/\/barraclou.com\/media\/blog\/wp-json\/wp\/v2\/tags?post=272"}],"curies":[{"name":"wp","href":"https:\/\/api.w.org\/{rel}","templated":true}]}}