{"id":260,"date":"2009-05-26T20:56:01","date_gmt":"2009-05-27T00:56:01","guid":{"rendered":"http:\/\/barraclou.com\/media\/blog\/?p=260"},"modified":"2009-05-26T20:56:01","modified_gmt":"2009-05-27T00:56:01","slug":"infrastructures-municipales","status":"publish","type":"post","link":"http:\/\/barraclou.com\/media\/blog\/2009\/05\/26\/infrastructures-municipales\/","title":{"rendered":"Infrastructures municipales"},"content":{"rendered":"<p>A Victoriaville, la nouvelle strat\u00e9gie depuis quelques ann\u00e9es est que si la rue ou le trottoir est en mauvais \u00e9tat, on essaie de le r\u00e9parer avant qu&rsquo;il soit jug\u00e9 trop tard. Autrement, s&rsquo;il est trop endommag\u00e9, il est laiss\u00e9 \u00e0 l&rsquo;abandon. C&rsquo;est bien pour \u00e9viter d&rsquo;allonger la liste des infrastructures d\u00e9ficientes, mais qu&rsquo;en est-il pour ce qui est \u00e0 reconstruire compl\u00e8tement? <\/p>\n<div align=\"center\"><a href=\"http:\/\/www.barraclou.com\/photo\/decay\/elsewhere\/victoriaville_gaudet.jpg\"><img decoding=\"async\" src=\"http:\/\/www.barraclou.com\/photo\/decay\/elsewhere\/tn_victoriaville_gaudet.jpg\" alt=\"Rue Gaudet\" \/><\/a><br \/>Des cas flagrants comme celui-ci au coin des rues Acad\u00e9mie et Gaudet sont trop fr\u00e9quents.<\/div>\n","protected":false},"excerpt":{"rendered":"<p>A Victoriaville, la nouvelle strat\u00e9gie depuis quelques ann\u00e9es est que si la rue ou le trottoir est en mauvais \u00e9tat, on essaie de le r\u00e9parer avant qu&rsquo;il soit jug\u00e9 trop tard. Autrement, s&rsquo;il est trop endommag\u00e9, il est laiss\u00e9 \u00e0 l&rsquo;abandon. C&rsquo;est bien pour \u00e9viter d&rsquo;allonger la liste des infrastructures d\u00e9ficientes, mais qu&rsquo;en est-il pour &hellip; <a href=\"http:\/\/barraclou.com\/media\/blog\/2009\/05\/26\/infrastructures-municipales\/\" class=\"more-link\">Continuer la lecture de <span class=\"screen-reader-text\">Infrastructures municipales<\/span>  <span class=\"meta-nav\">&rarr;<\/span><\/a><\/p>\n","protected":false},"author":2,"featured_media":0,"comment_status":"open","ping_status":"open","sticky":false,"template":"","format":"standard","meta":{"footnotes":""},"categories":[17,21],"tags":[],"class_list":["post-260","post","type-post","status-publish","format-standard","hentry","category-centre-du-quebec","category-urbanisme"],"_links":{"self":[{"href":"http:\/\/barraclou.com\/media\/blog\/wp-json\/wp\/v2\/posts\/260","targetHints":{"allow":["GET"]}}],"collection":[{"href":"http:\/\/barraclou.com\/media\/blog\/wp-json\/wp\/v2\/posts"}],"about":[{"href":"http:\/\/barraclou.com\/media\/blog\/wp-json\/wp\/v2\/types\/post"}],"author":[{"embeddable":true,"href":"http:\/\/barraclou.com\/media\/blog\/wp-json\/wp\/v2\/users\/2"}],"replies":[{"embeddable":true,"href":"http:\/\/barraclou.com\/media\/blog\/wp-json\/wp\/v2\/comments?post=260"}],"version-history":[{"count":1,"href":"http:\/\/barraclou.com\/media\/blog\/wp-json\/wp\/v2\/posts\/260\/revisions"}],"predecessor-version":[{"id":261,"href":"http:\/\/barraclou.com\/media\/blog\/wp-json\/wp\/v2\/posts\/260\/revisions\/261"}],"wp:attachment":[{"href":"http:\/\/barraclou.com\/media\/blog\/wp-json\/wp\/v2\/media?parent=260"}],"wp:term":[{"taxonomy":"category","embeddable":true,"href":"http:\/\/barraclou.com\/media\/blog\/wp-json\/wp\/v2\/categories?post=260"},{"taxonomy":"post_tag","embeddable":true,"href":"http:\/\/barraclou.com\/media\/blog\/wp-json\/wp\/v2\/tags?post=260"}],"curies":[{"name":"wp","href":"https:\/\/api.w.org\/{rel}","templated":true}]}}