{"id":24,"date":"2008-06-04T13:50:22","date_gmt":"2008-06-04T20:50:22","guid":{"rendered":"http:\/\/barraclou.com\/media\/blog\/?p=24"},"modified":"2008-06-04T13:51:24","modified_gmt":"2008-06-04T20:51:24","slug":"24","status":"publish","type":"post","link":"http:\/\/barraclou.com\/media\/blog\/2008\/06\/04\/24\/","title":{"rendered":"18 mars 2005: Pr\u00e9cisions sur la gr\u00e8ve illimit\u00e9e"},"content":{"rendered":"<p>Depuis quelques jours, je suis officiellement en gr\u00e8ve g\u00e9n\u00e9rale illimit\u00e9e. J&rsquo;ai pris connaissance du proc\u00e8s-verbal de mon association et j&rsquo;ai suivi attentivement le dossier dans les m\u00e9dias. J&rsquo;esp\u00e8re que l&rsquo;id\u00e9e de certains membres de mon association de vouloir se joindre \u00e0 la CASSE va tomber \u00e0 l&rsquo;eau. Je pr\u00e9f\u00e8re de loin qu&rsquo;on reste avec la FEUQ, car elle est plus r\u00e9aliste, s\u00e9rieuse et cr\u00e9dible \u00e0 mes yeux et par seulement celui du gouvernement. C&rsquo;est beau d&rsquo;avoir des revendications et des id\u00e9es, mais il faut garder les pieds sur terre. C&rsquo;est tellement trop radical et trop id\u00e9aliste que le pr\u00e9sident de la CASSE a m\u00eame de la tr\u00e8s grande difficult\u00e9 \u00e0 expliquer et \u00e0 justifier ses id\u00e9es dans les m\u00e9dias. R\u00e8glons un probl\u00e8me \u00e0 la fois au lieu de tout m\u00e9langer en m\u00eame temps. Si jamais, mon association se joint \u00e0 la CASSE ou l&rsquo;ASSE, je me retire imm\u00e9diatement de celle-ci. C&rsquo;est ici que je veux apporter une nuance entre les id\u00e9es et actions de la FEUQ et de l&rsquo;ASSE. Mon chapitre du 14 f\u00e9vrier 2005 aurait d\u00fb \u00eatre plus ax\u00e9 vers l&rsquo;ASSE et ses alli\u00e9s que l&rsquo;ensemble des assocations \u00e9tudiantes en g\u00e9n\u00e9ral.<\/p>\n<p>\u00c9tant maintenant de l&rsquo;ext\u00e9rieur de Sherbrooke, il m&rsquo;est plus difficile d&rsquo;\u00eatre pr\u00e9sent aux r\u00e9unions de l&rsquo;asso qui me repr\u00e9sente, mais je voulais quand m\u00eame exprimer mon point de vue. Aussi, je ne suis habituellement pas celui qui est toujours le plus en faveur des gr\u00e8ves, mais j&rsquo;appuie les moyens de pression actuels, car il faut arr\u00eater de laisser d\u00e9p\u00e9rir le syst\u00e8me d&rsquo;\u00e9ducation \u00e0 petit feu. Il est temps de d\u00e9montrer notre dessaccord des conditions actuels qui se d\u00e9t\u00e9riorent trop souvent. C&rsquo;est certain que le r\u00e9gime d&rsquo;aide financi\u00e8re et la structure des frais de scolarit\u00e9 ont besoin d&rsquo;\u00eatre revis\u00e9s, mais ce n&rsquo;est pas une raison non plus d&rsquo;aggraver le probl\u00e8me. <\/p>\n<p>\u00c9galement, je vous invite \u00e0 signer cette <a href=\"http:\/\/www.feuq.qc.ca\/fr\/index.php?pageName=lettre2_en\">lettre de p\u00e9tition virtuelle<\/a> sur le site officiel de la <a href=\"http:\/\/www.feuq.qc.ca\">FEUQ<\/a>.<\/p>\n","protected":false},"excerpt":{"rendered":"<p>Depuis quelques jours, je suis officiellement en gr\u00e8ve g\u00e9n\u00e9rale illimit\u00e9e. J&rsquo;ai pris connaissance du proc\u00e8s-verbal de mon association et j&rsquo;ai suivi attentivement le dossier dans les m\u00e9dias. J&rsquo;esp\u00e8re que l&rsquo;id\u00e9e de certains membres de mon association de vouloir se joindre \u00e0 la CASSE va tomber \u00e0 l&rsquo;eau. Je pr\u00e9f\u00e8re de loin qu&rsquo;on reste avec la &hellip; <a href=\"http:\/\/barraclou.com\/media\/blog\/2008\/06\/04\/24\/\" class=\"more-link\">Continuer la lecture de <span class=\"screen-reader-text\">18 mars 2005: Pr\u00e9cisions sur la gr\u00e8ve illimit\u00e9e<\/span>  <span class=\"meta-nav\">&rarr;<\/span><\/a><\/p>\n","protected":false},"author":2,"featured_media":0,"comment_status":"open","ping_status":"open","sticky":false,"template":"","format":"standard","meta":{"footnotes":""},"categories":[3],"tags":[],"class_list":["post-24","post","type-post","status-publish","format-standard","hentry","category-archives"],"_links":{"self":[{"href":"http:\/\/barraclou.com\/media\/blog\/wp-json\/wp\/v2\/posts\/24","targetHints":{"allow":["GET"]}}],"collection":[{"href":"http:\/\/barraclou.com\/media\/blog\/wp-json\/wp\/v2\/posts"}],"about":[{"href":"http:\/\/barraclou.com\/media\/blog\/wp-json\/wp\/v2\/types\/post"}],"author":[{"embeddable":true,"href":"http:\/\/barraclou.com\/media\/blog\/wp-json\/wp\/v2\/users\/2"}],"replies":[{"embeddable":true,"href":"http:\/\/barraclou.com\/media\/blog\/wp-json\/wp\/v2\/comments?post=24"}],"version-history":[{"count":0,"href":"http:\/\/barraclou.com\/media\/blog\/wp-json\/wp\/v2\/posts\/24\/revisions"}],"wp:attachment":[{"href":"http:\/\/barraclou.com\/media\/blog\/wp-json\/wp\/v2\/media?parent=24"}],"wp:term":[{"taxonomy":"category","embeddable":true,"href":"http:\/\/barraclou.com\/media\/blog\/wp-json\/wp\/v2\/categories?post=24"},{"taxonomy":"post_tag","embeddable":true,"href":"http:\/\/barraclou.com\/media\/blog\/wp-json\/wp\/v2\/tags?post=24"}],"curies":[{"name":"wp","href":"https:\/\/api.w.org\/{rel}","templated":true}]}}