{"id":23,"date":"2008-06-04T13:48:33","date_gmt":"2008-06-04T20:48:33","guid":{"rendered":"http:\/\/barraclou.com\/media\/blog\/?p=23"},"modified":"2008-06-04T13:48:33","modified_gmt":"2008-06-04T20:48:33","slug":"14-fevrier-2005-non-a-la-greve","status":"publish","type":"post","link":"http:\/\/barraclou.com\/media\/blog\/2008\/06\/04\/14-fevrier-2005-non-a-la-greve\/","title":{"rendered":"14 f\u00e9vrier 2005: Non \u00e0 la gr\u00e8ve"},"content":{"rendered":"<p>Probablement que mon opinion ne changera pas grand chose, puisque la question est monopolis\u00e9e par ces grands gueules des lobbies de gauche que sont nos associations \u00e9tudiantes (FEUQ, ASSE, FEUS, etc&#8230;), mais je prononce contre la <a href=\"http:\/\/www.greve.qc.ca\/\">gr\u00e8ve illimit\u00e9e<\/a>. Je n&rsquo;appuie pas n\u00e9cessairement les r\u00e9alisations et les volont\u00e9s du d\u00e9sastreux gouvernement Charest, mais ces associations \u00e9tudiantes manquent totalement de r\u00e9alisme. On dirait qu&rsquo;ils pensent que tout devraient \u00eatre gratuit et qu&rsquo;ils faudraient subventionner les \u00e9tudiants en m\u00eame temps. Il y a une grand diff\u00e9rence entre aider les \u00e9tudiants et les faire grassement vivre selon leurs aspirations. Selon un document circulant \u00e0 l&rsquo;Universit\u00e9 de Sherbrooke et qui semble provenir de la FEUS, la gr\u00e8ve illimit\u00e9e a une dur\u00e9e pr\u00e9cise: de deux \u00e0 cinq semaines, c&rsquo;est \u00e0 dire jusqu&rsquo;\u00e0 temps que le gouvernement plie \u00e0 leurs volont\u00e9s. De plus, les \u00e9tudiants ne perderont rien de leur session, car ils ont d\u00e9cid\u00e9 pour l&rsquo;administration des universit\u00e9s que les cours seront automatiquement cr\u00e9dit\u00e9s. C&rsquo;est quoi cette affaire. Depuis quand c&rsquo;est vous qui d\u00e9cidez de l&rsquo;attribution des notes et cr\u00e9dits? Pourriez pas simplement demander honn\u00eatement une semaine de rel\u00e2che suppl\u00e9mentaire, plut\u00f4t que monter ce grand mouvement.<\/p>\n<p>Aussi, au contraire de la plupart des gens, je peux chialer, mais j&rsquo;apporte des propositions de solutions. Par exemple, je propose qu&rsquo;on indexe les frais de scolarit\u00e9 des universit\u00e9s qu\u00e9b\u00e9coises au niveau canadien moyen, mais que le gouvernement rembourse la diff\u00e9rence entre les montants actuels et nouveaux, selon la situation financi\u00e8re de chaque \u00e9tudiant. Ainsi, de l&rsquo;argent neuf serait investi enfin dans les universit\u00e9s et il faudrait qu&rsquo;elle soit partag\u00e9 r\u00e9ellement entre toutes les facult\u00e9s, plut\u00f4t qu&rsquo;elle se concentre dans certains sp\u00e9cialit\u00e9s plus riches (g\u00e9nie, administration, m\u00e9decine, droit, etc..) comme il se fait actuellement. De plus, des changements doivent continuer d&rsquo;\u00eatre apport\u00e9s au programme d&rsquo;Aide financi\u00e8re aux \u00e9tudes.<\/p>\n<p>\u00c9galement, je ne parlerai pas du dossier de l&rsquo;avenir du Kudsak, ce bar \u00e0 propri\u00e9t\u00e9 priv\u00e9 sur le campus de l&rsquo;Universit\u00e9 de Sherbrooke et qui remplace l&rsquo;ancien BAHUT dont l&rsquo;incendie aurait termin\u00e9 son histoire de finances douteuses et d&rsquo;admininstration \u00e9tudiante instable. Je ne parlerai non plus de l&rsquo;Universit\u00e9 Laval qui cherche \u00e0 faire financer ses infrastructures directement par les \u00e9tudiants actuels en leur imposant divers taxes et frais suppl\u00e9mentaires (une fa\u00e7on de contourner le gel des frais de scolarit\u00e9).<\/p>\n<p>Finalement, sur un autre sujet, je d\u00e9plore la rumeur que VIA Rail Canada va fouiller les bagages des voyageurs dans 85 gares du pays. S\u00e9curit\u00e9 et guerre au terrorisme. Oui, bien s\u00fbr! Pour qui, ils nous prennent? D\u00e9j\u00e0 que la grille tarifaire irr\u00e9aliste, l&rsquo;horaire et le r\u00e9seau tr\u00e8s d\u00e9ficient rendent le mode de transport moins attrayant que ses concurrents. Le transporteur, qui est administr\u00e9 v\u00e9ritablement comme une soci\u00e9t\u00e9 d&rsquo;\u00e9tat, plut\u00f4t qu&rsquo;une entreprise; va se tirer dans le pied en copiant le monde a\u00e9rien une fois de plus. N&rsquo;est-ce pas plut\u00f4t de l&rsquo;ing\u00e9rence une fois de plus dans nos vies priv\u00e9es? \u00c0 quand les fouilles al\u00e9atoires de la police en auto et des postes de fouille install\u00e9s sur les autoroutes, tels des postes de payage? On se rapproche toujours de 1984 de George Orwell. La guerre au terrorisme des Am\u00e9ricains se transforme toujours de plus en plus en guerre froide au terrorisme. Il fallait bien trouver de quoi pour remplacer la peur rouge du communisme dans l&rsquo;esprit occidental. D\u00e9plorable.<\/p>\n","protected":false},"excerpt":{"rendered":"<p>Probablement que mon opinion ne changera pas grand chose, puisque la question est monopolis\u00e9e par ces grands gueules des lobbies de gauche que sont nos associations \u00e9tudiantes (FEUQ, ASSE, FEUS, etc&#8230;), mais je prononce contre la gr\u00e8ve illimit\u00e9e. Je n&rsquo;appuie pas n\u00e9cessairement les r\u00e9alisations et les volont\u00e9s du d\u00e9sastreux gouvernement Charest, mais ces associations \u00e9tudiantes &hellip; <a href=\"http:\/\/barraclou.com\/media\/blog\/2008\/06\/04\/14-fevrier-2005-non-a-la-greve\/\" class=\"more-link\">Continuer la lecture de <span class=\"screen-reader-text\">14 f\u00e9vrier 2005: Non \u00e0 la gr\u00e8ve<\/span>  <span class=\"meta-nav\">&rarr;<\/span><\/a><\/p>\n","protected":false},"author":2,"featured_media":0,"comment_status":"open","ping_status":"open","sticky":false,"template":"","format":"standard","meta":{"footnotes":""},"categories":[3],"tags":[],"class_list":["post-23","post","type-post","status-publish","format-standard","hentry","category-archives"],"_links":{"self":[{"href":"http:\/\/barraclou.com\/media\/blog\/wp-json\/wp\/v2\/posts\/23","targetHints":{"allow":["GET"]}}],"collection":[{"href":"http:\/\/barraclou.com\/media\/blog\/wp-json\/wp\/v2\/posts"}],"about":[{"href":"http:\/\/barraclou.com\/media\/blog\/wp-json\/wp\/v2\/types\/post"}],"author":[{"embeddable":true,"href":"http:\/\/barraclou.com\/media\/blog\/wp-json\/wp\/v2\/users\/2"}],"replies":[{"embeddable":true,"href":"http:\/\/barraclou.com\/media\/blog\/wp-json\/wp\/v2\/comments?post=23"}],"version-history":[{"count":0,"href":"http:\/\/barraclou.com\/media\/blog\/wp-json\/wp\/v2\/posts\/23\/revisions"}],"wp:attachment":[{"href":"http:\/\/barraclou.com\/media\/blog\/wp-json\/wp\/v2\/media?parent=23"}],"wp:term":[{"taxonomy":"category","embeddable":true,"href":"http:\/\/barraclou.com\/media\/blog\/wp-json\/wp\/v2\/categories?post=23"},{"taxonomy":"post_tag","embeddable":true,"href":"http:\/\/barraclou.com\/media\/blog\/wp-json\/wp\/v2\/tags?post=23"}],"curies":[{"name":"wp","href":"https:\/\/api.w.org\/{rel}","templated":true}]}}