{"id":229,"date":"2009-04-08T14:44:47","date_gmt":"2009-04-08T21:44:47","guid":{"rendered":"http:\/\/barraclou.com\/media\/blog\/?p=229"},"modified":"2009-04-08T14:46:24","modified_gmt":"2009-04-08T21:46:24","slug":"slogans-municipaux","status":"publish","type":"post","link":"http:\/\/barraclou.com\/media\/blog\/2009\/04\/08\/slogans-municipaux\/","title":{"rendered":"Slogans municipaux"},"content":{"rendered":"<p>Il est \u00e0 la mode que chaque ville et village ait son slogan. Habituellement, il est visible sur les pancartes \u00e0 l&rsquo;entr\u00e9e de la municipalit\u00e9. Des fois, certains vont faire de la publicit\u00e9 dans les m\u00e9dias, tel Laval et Terrebonne \u00e0 la t\u00e9l\u00e9vision ou Mascouche et Montr\u00e9al en affichage. Bien que le slogan de Mascouche (\u00ab\u00a0Mascouche m&rsquo;enchante\u00a0\u00bb) peut \u00eatre discutable, il ne peut battre la campagne de la ville de Montr\u00e9al o\u00f9 on nous dit que \u00ab\u00a0[l]a banlieue n&rsquo;est pas la solution\u00a0\u00bb et \u00ab\u00a0[qu&rsquo;]un montr\u00e9alais, c&rsquo;est quelqu&rsquo;un qui reste \u00e0 Montr\u00e9al\u00a0\u00bb (apr\u00e8s avoir fait une campagne sous le th\u00e8me \u00ab\u00a0on est tous montr\u00e9alais\u00a0\u00bb). Si la banlieue n&rsquo;est pas la solution (et \u00e0 quelle question\/probl\u00e8me, par ailleurs?), est-ce que la ville de Montr\u00e9al l&rsquo;est r\u00e9ellement elle-m\u00eame?  <\/p>\n<div align=\"center\"><a href=\"http:\/\/www.barraclou.com\/bus\/montreal\/stm29_041b.jpg\"><img loading=\"lazy\" decoding=\"async\" src=\"http:\/\/www.barraclou.com\/bus\/montreal\/stm29_041b.jpg\" height=\"300\" width=\"400\" alt=\"Montr\u00e9al\" \/><\/a><\/div>\n","protected":false},"excerpt":{"rendered":"<p>Il est \u00e0 la mode que chaque ville et village ait son slogan. Habituellement, il est visible sur les pancartes \u00e0 l&rsquo;entr\u00e9e de la municipalit\u00e9. Des fois, certains vont faire de la publicit\u00e9 dans les m\u00e9dias, tel Laval et Terrebonne \u00e0 la t\u00e9l\u00e9vision ou Mascouche et Montr\u00e9al en affichage. Bien que le slogan de Mascouche &hellip; <a href=\"http:\/\/barraclou.com\/media\/blog\/2009\/04\/08\/slogans-municipaux\/\" class=\"more-link\">Continuer la lecture de <span class=\"screen-reader-text\">Slogans municipaux<\/span>  <span class=\"meta-nav\">&rarr;<\/span><\/a><\/p>\n","protected":false},"author":2,"featured_media":0,"comment_status":"open","ping_status":"open","sticky":false,"template":"","format":"standard","meta":{"footnotes":""},"categories":[7,22,10,6,21],"tags":[],"class_list":["post-229","post","type-post","status-publish","format-standard","hentry","category-consommation","category-editorial","category-montreal","category-politique","category-urbanisme"],"_links":{"self":[{"href":"http:\/\/barraclou.com\/media\/blog\/wp-json\/wp\/v2\/posts\/229","targetHints":{"allow":["GET"]}}],"collection":[{"href":"http:\/\/barraclou.com\/media\/blog\/wp-json\/wp\/v2\/posts"}],"about":[{"href":"http:\/\/barraclou.com\/media\/blog\/wp-json\/wp\/v2\/types\/post"}],"author":[{"embeddable":true,"href":"http:\/\/barraclou.com\/media\/blog\/wp-json\/wp\/v2\/users\/2"}],"replies":[{"embeddable":true,"href":"http:\/\/barraclou.com\/media\/blog\/wp-json\/wp\/v2\/comments?post=229"}],"version-history":[{"count":0,"href":"http:\/\/barraclou.com\/media\/blog\/wp-json\/wp\/v2\/posts\/229\/revisions"}],"wp:attachment":[{"href":"http:\/\/barraclou.com\/media\/blog\/wp-json\/wp\/v2\/media?parent=229"}],"wp:term":[{"taxonomy":"category","embeddable":true,"href":"http:\/\/barraclou.com\/media\/blog\/wp-json\/wp\/v2\/categories?post=229"},{"taxonomy":"post_tag","embeddable":true,"href":"http:\/\/barraclou.com\/media\/blog\/wp-json\/wp\/v2\/tags?post=229"}],"curies":[{"name":"wp","href":"https:\/\/api.w.org\/{rel}","templated":true}]}}