{"id":226,"date":"2009-03-20T14:32:16","date_gmt":"2009-03-20T21:32:16","guid":{"rendered":"http:\/\/barraclou.com\/media\/blog\/?p=226"},"modified":"2009-03-20T14:32:16","modified_gmt":"2009-03-20T21:32:16","slug":"voleurs-de-grand-chemin","status":"publish","type":"post","link":"http:\/\/barraclou.com\/media\/blog\/2009\/03\/20\/voleurs-de-grand-chemin\/","title":{"rendered":"Voleurs de grand chemin"},"content":{"rendered":"<p>Les Lib\u00e9raux du Qu\u00e9bec annonce leur budget o\u00f9 ils continuent de couper les services ou les laissent se d\u00e9t\u00e9riorer, augmentent les taxes et frais de service, r\u00e9ussisent \u00e0 recr\u00e9er le d\u00e9ficit du gouvernement, puis retournent se cacher. Personne ne r\u00e9agit. Il y a des coups de pieds dans le cul qui se perdent. Des fois, il faudrait placer le gouvernement en tutelle, telle est la gravit\u00e9 de la n\u00e9gligence. Avions-nous besoin d&rsquo;avoir la taxe de vente augment\u00e9e quand la principale route de la province, l&rsquo;autoroute 20, a l&rsquo;air d&rsquo;une planche \u00e0 savon?<\/p>\n","protected":false},"excerpt":{"rendered":"<p>Les Lib\u00e9raux du Qu\u00e9bec annonce leur budget o\u00f9 ils continuent de couper les services ou les laissent se d\u00e9t\u00e9riorer, augmentent les taxes et frais de service, r\u00e9ussisent \u00e0 recr\u00e9er le d\u00e9ficit du gouvernement, puis retournent se cacher. Personne ne r\u00e9agit. Il y a des coups de pieds dans le cul qui se perdent. Des fois, &hellip; <a href=\"http:\/\/barraclou.com\/media\/blog\/2009\/03\/20\/voleurs-de-grand-chemin\/\" class=\"more-link\">Continuer la lecture de <span class=\"screen-reader-text\">Voleurs de grand chemin<\/span>  <span class=\"meta-nav\">&rarr;<\/span><\/a><\/p>\n","protected":false},"author":2,"featured_media":0,"comment_status":"open","ping_status":"open","sticky":false,"template":"","format":"standard","meta":{"footnotes":""},"categories":[6,21],"tags":[],"class_list":["post-226","post","type-post","status-publish","format-standard","hentry","category-politique","category-urbanisme"],"_links":{"self":[{"href":"http:\/\/barraclou.com\/media\/blog\/wp-json\/wp\/v2\/posts\/226","targetHints":{"allow":["GET"]}}],"collection":[{"href":"http:\/\/barraclou.com\/media\/blog\/wp-json\/wp\/v2\/posts"}],"about":[{"href":"http:\/\/barraclou.com\/media\/blog\/wp-json\/wp\/v2\/types\/post"}],"author":[{"embeddable":true,"href":"http:\/\/barraclou.com\/media\/blog\/wp-json\/wp\/v2\/users\/2"}],"replies":[{"embeddable":true,"href":"http:\/\/barraclou.com\/media\/blog\/wp-json\/wp\/v2\/comments?post=226"}],"version-history":[{"count":0,"href":"http:\/\/barraclou.com\/media\/blog\/wp-json\/wp\/v2\/posts\/226\/revisions"}],"wp:attachment":[{"href":"http:\/\/barraclou.com\/media\/blog\/wp-json\/wp\/v2\/media?parent=226"}],"wp:term":[{"taxonomy":"category","embeddable":true,"href":"http:\/\/barraclou.com\/media\/blog\/wp-json\/wp\/v2\/categories?post=226"},{"taxonomy":"post_tag","embeddable":true,"href":"http:\/\/barraclou.com\/media\/blog\/wp-json\/wp\/v2\/tags?post=226"}],"curies":[{"name":"wp","href":"https:\/\/api.w.org\/{rel}","templated":true}]}}