{"id":22,"date":"2008-06-04T13:47:14","date_gmt":"2008-06-04T20:47:14","guid":{"rendered":"http:\/\/barraclou.com\/media\/blog\/?p=22"},"modified":"2008-06-06T20:41:28","modified_gmt":"2008-06-07T03:41:28","slug":"12-fevrier-2005-idiots-partie-2","status":"publish","type":"post","link":"http:\/\/barraclou.com\/media\/blog\/2008\/06\/04\/12-fevrier-2005-idiots-partie-2\/","title":{"rendered":"12 f\u00e9vrier 2005: Idiots, partie 2"},"content":{"rendered":"<p>Il faut que je ne m&rsquo;en fasse trop, mais il est incroyable de voir le nombre d&rsquo;idiots qu&rsquo;on peut rencontrer dans une vie. Je pensais m\u00eame faire un temple de la honte (\u00ab\u00a0hall of shame\u00a0\u00bb), mais \u00e7a serait peut-\u00eatre trop leur donner d&rsquo;attention et d&rsquo;honneur. Je r\u00e9flechi encore une solution \u00e0 cette probl\u00e8matique.<\/p>\n<p>Peu importe j&rsquo;aimerais souligner l&rsquo;absurdit\u00e9 du jour: la g\u00e9rance du magasin Wal-Mart de Victoriaville. Je me fous de tous ces appels \u00e0 la bombe niaiseux et appels au boycott inutiles, mais il me semble que leurs cadres pourraient \u00eatre moins arrogeants. Ainsi, peut-\u00eatre que leur image serait meilleure dans les yeux du public.<\/p>\n<p>Aujourd&rsquo;hui, on est \u00e0 la fin d&rsquo;un temp\u00eate et comme \u00e0 l&rsquo;habitude, le d\u00e9neignement du stationnment de ce magasin et des voies d&rsquo;acc\u00e8s \u00e0 ce \u00ab\u00a0power centre\u00a0\u00bb est fait de fa\u00e7on toute croche. On ne parle pas ici de l&rsquo;absence de trottoirs menant au magasin, m\u00eame deux ans apr\u00e8s sa construction. Je parle ici que le chemin priv\u00e9 qui m\u00e8ne au magasin depuis le boulevard Jutras Est est si mal d\u00e9neig\u00e9 que la ligne jaune est rendue dans l&rsquo;acc\u00f4tement \u00e0 plusieurs endroits. Ils faudraient que le trafic \u00e0 contre-sens et les pi\u00e9tons circulent dans \u00e7a quand deux voitures ont le difficult\u00e9 \u00e0 circuler normalement \u00e0 contre-sens et \u00e0 ne pas avoir une roue dans le banc de neige.<\/p>\n<p>Questionn\u00e9 \u00e0 ce sujet, le r\u00e9presentant de la direction (un d\u00e9nomm\u00e9 assistant-g\u00e9rant nomm\u00e9 Claude) rit en pleine face de la client\u00e8le: \u00ab\u00a0Ce n&rsquo;est pas notre stationnement, capitaine. C&rsquo;est \u00e0 un mille d&rsquo;ici et c&rsquo;est un gros contracteur qui ouvre \u00e7a.\u00a0\u00bb Wow, si c&rsquo;est vraiment de la sous-traitance ou que le magasin est v\u00e9ritablement locataire, il me semble que \u00e7a serait la moindre des choses que de faire semblant d&rsquo;\u00e9couter la client\u00e8le et d&rsquo;avertir le contracteur, si les plaintes reviennent trop souvent. Des plaintes de locataires \u00e0 un propri\u00e9taire, \u00e7a ne s&rsquo;est jamais vu? Je crois plut\u00f4t le contraire et il faudrait peut-\u00eatre demander la question au personnage de propri\u00e9taire de bloc de Dany Turcotte. Dans ce cas, c&rsquo;est le contraire, on ignore les commentaires du client, on le d\u00e9nigre et on l&rsquo;incite \u00e0 aller magasiner ailleurs. De plus, quand m\u00eame, \u00e7a serait la faute de l&rsquo;entrepreneur ou de la compagnie \u00e0 num\u00e9ro de Montr\u00e9al ou Toronto, ce n&rsquo;est pas au client en r\u00e9gion \u00e0 les appeler. La relation d&rsquo;affaires du client n&rsquo;est pas avec eux. Est-ce qu&rsquo;on parle ici d&rsquo;ignorance et d&rsquo;incomp\u00e9tence ou d&rsquo;arrogeance? En tout cas, ce n&rsquo;est pas trop fort pour une chaine ayant actuellement un probl\u00e8me d&rsquo;image corporative. Si \u00e7a serait une manifestation de syndiqu\u00e9s ou d&rsquo;altermondialistes qui aurait eu lieu, je suis certain que le magasin aurait soudainement eu une propri\u00e9t\u00e9 de l&rsquo;endroit.<\/p>\n","protected":false},"excerpt":{"rendered":"<p>Il faut que je ne m&rsquo;en fasse trop, mais il est incroyable de voir le nombre d&rsquo;idiots qu&rsquo;on peut rencontrer dans une vie. Je pensais m\u00eame faire un temple de la honte (\u00ab\u00a0hall of shame\u00a0\u00bb), mais \u00e7a serait peut-\u00eatre trop leur donner d&rsquo;attention et d&rsquo;honneur. Je r\u00e9flechi encore une solution \u00e0 cette probl\u00e8matique. Peu importe &hellip; <a href=\"http:\/\/barraclou.com\/media\/blog\/2008\/06\/04\/12-fevrier-2005-idiots-partie-2\/\" class=\"more-link\">Continuer la lecture de <span class=\"screen-reader-text\">12 f\u00e9vrier 2005: Idiots, partie 2<\/span>  <span class=\"meta-nav\">&rarr;<\/span><\/a><\/p>\n","protected":false},"author":2,"featured_media":0,"comment_status":"open","ping_status":"open","sticky":false,"template":"","format":"standard","meta":{"footnotes":""},"categories":[3,7],"tags":[],"class_list":["post-22","post","type-post","status-publish","format-standard","hentry","category-archives","category-consommation"],"_links":{"self":[{"href":"http:\/\/barraclou.com\/media\/blog\/wp-json\/wp\/v2\/posts\/22","targetHints":{"allow":["GET"]}}],"collection":[{"href":"http:\/\/barraclou.com\/media\/blog\/wp-json\/wp\/v2\/posts"}],"about":[{"href":"http:\/\/barraclou.com\/media\/blog\/wp-json\/wp\/v2\/types\/post"}],"author":[{"embeddable":true,"href":"http:\/\/barraclou.com\/media\/blog\/wp-json\/wp\/v2\/users\/2"}],"replies":[{"embeddable":true,"href":"http:\/\/barraclou.com\/media\/blog\/wp-json\/wp\/v2\/comments?post=22"}],"version-history":[{"count":0,"href":"http:\/\/barraclou.com\/media\/blog\/wp-json\/wp\/v2\/posts\/22\/revisions"}],"wp:attachment":[{"href":"http:\/\/barraclou.com\/media\/blog\/wp-json\/wp\/v2\/media?parent=22"}],"wp:term":[{"taxonomy":"category","embeddable":true,"href":"http:\/\/barraclou.com\/media\/blog\/wp-json\/wp\/v2\/categories?post=22"},{"taxonomy":"post_tag","embeddable":true,"href":"http:\/\/barraclou.com\/media\/blog\/wp-json\/wp\/v2\/tags?post=22"}],"curies":[{"name":"wp","href":"https:\/\/api.w.org\/{rel}","templated":true}]}}