{"id":192,"date":"2008-10-21T16:49:31","date_gmt":"2008-10-21T23:49:31","guid":{"rendered":"http:\/\/barraclou.com\/media\/blog\/?p=192"},"modified":"2008-10-21T16:56:51","modified_gmt":"2008-10-21T23:56:51","slug":"pas-fort","status":"publish","type":"post","link":"http:\/\/barraclou.com\/media\/blog\/2008\/10\/21\/pas-fort\/","title":{"rendered":"Pas fort&#8230;"},"content":{"rendered":"<p>Voici comment plusieurs paysagistes de Victoriaville travaillent mal. La photo montre ce qu&rsquo;on voit \u00e0 la sortie d&rsquo;une courbe. Pas d&rsquo;autre c\u00f4ne ou quelconque avis, rien. Le tas de terre \u00e9tait l\u00e0, parce que l&rsquo;entrepreneur \u00e9tait trop l\u00e2che pour vider son tas dans la cour du client sur une toile qu&rsquo;il aurait \u00e9tendue ou sur le pav\u00e9 qu&rsquo;il laverait plus tard. Pas fort comme job. Que serait-il arriv\u00e9 si quelqu&rsquo;un voulant l&rsquo;\u00e9viter aurait fait un face \u00e0 face dans l&rsquo;autre voie? Pourtant, ils travaillent toujours ainsi et laisse ce genre de tas dans la rue pour des semaines. On s&rsquo;installe et aucun souci pour les autres qui \u00e9taient dej\u00e0 l\u00e0. Aussi, \u00e0 remarquer, le camion stationn\u00e9 derri\u00e8re le tas dans le sens contraire du trafic&#8230;<\/p>\n<p><a href='http:\/\/barraclou.com\/media\/blog\/wp-content\/uploads\/pas_fort.jpg'><img loading=\"lazy\" decoding=\"async\" src=\"http:\/\/barraclou.com\/media\/blog\/wp-content\/uploads\/pas_fort-400x300.jpg\" alt=\"Comment certains travaillent en cochon.\" title=\"Pas fort\" width=\"400\" height=\"300\" class=\"alignright size-medium wp-image-191\" srcset=\"http:\/\/barraclou.com\/media\/blog\/wp-content\/uploads\/pas_fort-400x300.jpg 400w, http:\/\/barraclou.com\/media\/blog\/wp-content\/uploads\/pas_fort-200x150.jpg 200w, http:\/\/barraclou.com\/media\/blog\/wp-content\/uploads\/pas_fort.jpg 800w\" sizes=\"auto, (max-width: 400px) 100vw, 400px\" \/><\/a><\/p>\n","protected":false},"excerpt":{"rendered":"<p>Voici comment plusieurs paysagistes de Victoriaville travaillent mal. La photo montre ce qu&rsquo;on voit \u00e0 la sortie d&rsquo;une courbe. Pas d&rsquo;autre c\u00f4ne ou quelconque avis, rien. Le tas de terre \u00e9tait l\u00e0, parce que l&rsquo;entrepreneur \u00e9tait trop l\u00e2che pour vider son tas dans la cour du client sur une toile qu&rsquo;il aurait \u00e9tendue ou sur &hellip; <a href=\"http:\/\/barraclou.com\/media\/blog\/2008\/10\/21\/pas-fort\/\" class=\"more-link\">Continuer la lecture de <span class=\"screen-reader-text\">Pas fort&#8230;<\/span>  <span class=\"meta-nav\">&rarr;<\/span><\/a><\/p>\n","protected":false},"author":2,"featured_media":0,"comment_status":"open","ping_status":"open","sticky":false,"template":"","format":"standard","meta":{"footnotes":""},"categories":[17,7,21],"tags":[],"class_list":["post-192","post","type-post","status-publish","format-standard","hentry","category-centre-du-quebec","category-consommation","category-urbanisme"],"_links":{"self":[{"href":"http:\/\/barraclou.com\/media\/blog\/wp-json\/wp\/v2\/posts\/192","targetHints":{"allow":["GET"]}}],"collection":[{"href":"http:\/\/barraclou.com\/media\/blog\/wp-json\/wp\/v2\/posts"}],"about":[{"href":"http:\/\/barraclou.com\/media\/blog\/wp-json\/wp\/v2\/types\/post"}],"author":[{"embeddable":true,"href":"http:\/\/barraclou.com\/media\/blog\/wp-json\/wp\/v2\/users\/2"}],"replies":[{"embeddable":true,"href":"http:\/\/barraclou.com\/media\/blog\/wp-json\/wp\/v2\/comments?post=192"}],"version-history":[{"count":0,"href":"http:\/\/barraclou.com\/media\/blog\/wp-json\/wp\/v2\/posts\/192\/revisions"}],"wp:attachment":[{"href":"http:\/\/barraclou.com\/media\/blog\/wp-json\/wp\/v2\/media?parent=192"}],"wp:term":[{"taxonomy":"category","embeddable":true,"href":"http:\/\/barraclou.com\/media\/blog\/wp-json\/wp\/v2\/categories?post=192"},{"taxonomy":"post_tag","embeddable":true,"href":"http:\/\/barraclou.com\/media\/blog\/wp-json\/wp\/v2\/tags?post=192"}],"curies":[{"name":"wp","href":"https:\/\/api.w.org\/{rel}","templated":true}]}}