{"id":160,"date":"2008-06-26T13:55:43","date_gmt":"2008-06-26T20:55:43","guid":{"rendered":"http:\/\/barraclou.com\/media\/blog\/?p=160"},"modified":"2008-06-26T13:57:06","modified_gmt":"2008-06-26T20:57:06","slug":"les-arbres-au-berceau-du-developpement-durable","status":"publish","type":"post","link":"http:\/\/barraclou.com\/media\/blog\/2008\/06\/26\/les-arbres-au-berceau-du-developpement-durable\/","title":{"rendered":"Les arbres au berceau du d\u00e9veloppement durable"},"content":{"rendered":"<p>Voici comment la ville de Victoriaville s&rsquo;occupe des arbres qu&rsquo;elle et ses composantes ant\u00e9rieures (Victoriaville, Arthabaska et Ste-Victoire) ont plant\u00e9s sur les terrains publics. Le soi-disant berceau du d\u00e9veloppement durable coupe des arbres en bonne sant\u00e9 et sans d\u00e9faut apparant. Ceux-ci sont situ\u00e9s le long de la bruyante route 116 rebaptis\u00e9e boulevard Arthabaska et en cours de devenir un autre boulevard Taschereau (m\u00eame si les \u00e9lus municipaux et le service d&rsquo;urbanisme essaie mal de nous faire accroire le contraire). Ce n&rsquo;est pas la premi\u00e8re fois que la ville de Victoriaville et ses sous-traitants priv\u00e9s commettent des gestes douteux de la sorte. Il est d&rsquo;autant plus ironique que la ville agisse ainsi soi-m\u00eame quand elle incite les citoyens \u00e0 planter des arbres et \u00e0 ne pas en couper sans d\u00e9tenir de permis \u00e9mis par elle. Pas fort pour une municipalit\u00e9 qui essaie de nous faire accroire qu&rsquo;elle mise sur le vert.<\/p>\n<p><a href='http:\/\/barraclou.com\/media\/blog\/wp-content\/uploads\/victo_arbres.jpg'><img loading=\"lazy\" decoding=\"async\" src=\"http:\/\/barraclou.com\/media\/blog\/wp-content\/uploads\/victo_arbres-400x300.jpg\" alt=\"Comment la Ville de Victo s\\'occupe de ses arbres\" title=\"Les arbres de la ville de Victoriaville\" width=\"400\" height=\"300\" class=\"alignnone size-medium wp-image-159\" srcset=\"http:\/\/barraclou.com\/media\/blog\/wp-content\/uploads\/victo_arbres-400x300.jpg 400w, http:\/\/barraclou.com\/media\/blog\/wp-content\/uploads\/victo_arbres-200x150.jpg 200w, http:\/\/barraclou.com\/media\/blog\/wp-content\/uploads\/victo_arbres.jpg 800w\" sizes=\"auto, (max-width: 400px) 100vw, 400px\" \/><\/a><\/p>\n","protected":false},"excerpt":{"rendered":"<p>Voici comment la ville de Victoriaville s&rsquo;occupe des arbres qu&rsquo;elle et ses composantes ant\u00e9rieures (Victoriaville, Arthabaska et Ste-Victoire) ont plant\u00e9s sur les terrains publics. Le soi-disant berceau du d\u00e9veloppement durable coupe des arbres en bonne sant\u00e9 et sans d\u00e9faut apparant. Ceux-ci sont situ\u00e9s le long de la bruyante route 116 rebaptis\u00e9e boulevard Arthabaska et en &hellip; <a href=\"http:\/\/barraclou.com\/media\/blog\/2008\/06\/26\/les-arbres-au-berceau-du-developpement-durable\/\" class=\"more-link\">Continuer la lecture de <span class=\"screen-reader-text\">Les arbres au berceau du d\u00e9veloppement durable<\/span>  <span class=\"meta-nav\">&rarr;<\/span><\/a><\/p>\n","protected":false},"author":2,"featured_media":0,"comment_status":"open","ping_status":"open","sticky":false,"template":"","format":"standard","meta":{"footnotes":""},"categories":[17,11,21],"tags":[],"class_list":["post-160","post","type-post","status-publish","format-standard","hentry","category-centre-du-quebec","category-societe","category-urbanisme"],"_links":{"self":[{"href":"http:\/\/barraclou.com\/media\/blog\/wp-json\/wp\/v2\/posts\/160","targetHints":{"allow":["GET"]}}],"collection":[{"href":"http:\/\/barraclou.com\/media\/blog\/wp-json\/wp\/v2\/posts"}],"about":[{"href":"http:\/\/barraclou.com\/media\/blog\/wp-json\/wp\/v2\/types\/post"}],"author":[{"embeddable":true,"href":"http:\/\/barraclou.com\/media\/blog\/wp-json\/wp\/v2\/users\/2"}],"replies":[{"embeddable":true,"href":"http:\/\/barraclou.com\/media\/blog\/wp-json\/wp\/v2\/comments?post=160"}],"version-history":[{"count":0,"href":"http:\/\/barraclou.com\/media\/blog\/wp-json\/wp\/v2\/posts\/160\/revisions"}],"wp:attachment":[{"href":"http:\/\/barraclou.com\/media\/blog\/wp-json\/wp\/v2\/media?parent=160"}],"wp:term":[{"taxonomy":"category","embeddable":true,"href":"http:\/\/barraclou.com\/media\/blog\/wp-json\/wp\/v2\/categories?post=160"},{"taxonomy":"post_tag","embeddable":true,"href":"http:\/\/barraclou.com\/media\/blog\/wp-json\/wp\/v2\/tags?post=160"}],"curies":[{"name":"wp","href":"https:\/\/api.w.org\/{rel}","templated":true}]}}