{"id":156,"date":"2008-06-24T12:34:00","date_gmt":"2008-06-24T19:34:00","guid":{"rendered":"http:\/\/barraclou.com\/media\/blog\/?p=156"},"modified":"2008-06-24T12:39:20","modified_gmt":"2008-06-24T19:39:20","slug":"le-beau-cote-de-montreal","status":"publish","type":"post","link":"http:\/\/barraclou.com\/media\/blog\/2008\/06\/24\/le-beau-cote-de-montreal\/","title":{"rendered":"Le beau c\u00f4t\u00e9 de Montr\u00e9al"},"content":{"rendered":"<p>En hiver:<\/p>\n<p><a href=\"http:\/\/www.barraclou.com\/photo\/skyline\/qc\/montreal_night5.jpg\"><img loading=\"lazy\" decoding=\"async\" src=\"http:\/\/www.barraclou.com\/photo\/skyline\/qc\/montreal_night5.jpg\" alt=\"Le centre-ville et le mont Royal vu pendant l'hiver \u00e0 la hauteur du Boulevard Ren\u00e9-L\u00e9vesque \u00e0 Montr\u00e9al.\" height=\"300\" width=\"400\" \/><\/a><\/p>\n<p>En \u00e9t\u00e9:<\/p>\n<p><a href=\"http:\/\/www.barraclou.com\/photo\/skyline\/qc\/montreal_renelevesque.jpg\"><img loading=\"lazy\" decoding=\"async\" src=\"http:\/\/www.barraclou.com\/photo\/skyline\/qc\/montreal_renelevesque.jpg\" alt=\"Le centre-ville et le mont Royal vu pendant l'\u00e9t\u00e9 \u00e0 la hauteur du Boulevard Ren\u00e9-L\u00e9vesque \u00e0 Montr\u00e9al.\" height=\"300\" width=\"400\" \/><\/a><\/p>\n","protected":false},"excerpt":{"rendered":"<p>En hiver: En \u00e9t\u00e9:<\/p>\n","protected":false},"author":2,"featured_media":0,"comment_status":"open","ping_status":"open","sticky":false,"template":"","format":"standard","meta":{"footnotes":""},"categories":[10],"tags":[],"class_list":["post-156","post","type-post","status-publish","format-standard","hentry","category-montreal"],"_links":{"self":[{"href":"http:\/\/barraclou.com\/media\/blog\/wp-json\/wp\/v2\/posts\/156","targetHints":{"allow":["GET"]}}],"collection":[{"href":"http:\/\/barraclou.com\/media\/blog\/wp-json\/wp\/v2\/posts"}],"about":[{"href":"http:\/\/barraclou.com\/media\/blog\/wp-json\/wp\/v2\/types\/post"}],"author":[{"embeddable":true,"href":"http:\/\/barraclou.com\/media\/blog\/wp-json\/wp\/v2\/users\/2"}],"replies":[{"embeddable":true,"href":"http:\/\/barraclou.com\/media\/blog\/wp-json\/wp\/v2\/comments?post=156"}],"version-history":[{"count":0,"href":"http:\/\/barraclou.com\/media\/blog\/wp-json\/wp\/v2\/posts\/156\/revisions"}],"wp:attachment":[{"href":"http:\/\/barraclou.com\/media\/blog\/wp-json\/wp\/v2\/media?parent=156"}],"wp:term":[{"taxonomy":"category","embeddable":true,"href":"http:\/\/barraclou.com\/media\/blog\/wp-json\/wp\/v2\/categories?post=156"},{"taxonomy":"post_tag","embeddable":true,"href":"http:\/\/barraclou.com\/media\/blog\/wp-json\/wp\/v2\/tags?post=156"}],"curies":[{"name":"wp","href":"https:\/\/api.w.org\/{rel}","templated":true}]}}