{"id":136,"date":"2008-06-04T23:42:23","date_gmt":"2008-06-05T06:42:23","guid":{"rendered":"http:\/\/barraclou.com\/media\/blog\/?p=136"},"modified":"2008-06-06T11:38:47","modified_gmt":"2008-06-06T18:38:47","slug":"18-septembre-2007-ici-et-la","status":"publish","type":"post","link":"http:\/\/barraclou.com\/media\/blog\/2008\/06\/04\/18-septembre-2007-ici-et-la\/","title":{"rendered":"18 septembre 2007: Ici et l\u00e0"},"content":{"rendered":"<p><a href=\"http:\/\/barraclou.com\/media\/blog\/wp-content\/uploads\/bj.jpg\"><img decoding=\"async\" src=\"http:\/\/barraclou.com\/media\/blog\/wp-content\/uploads\/tn_bj.jpg\" alt=\"BJ\" \/><\/a><\/p>\n<p>BJ, ce n&rsquo;est pas tout \u00e0 faire un nom inspirant pour aller manger. En tout cas, pas pour moi.<\/p>\n<p><a href=\"http:\/\/barraclou.com\/media\/blog\/wp-content\/uploads\/bluff.jpg\"><img decoding=\"async\" src=\"http:\/\/barraclou.com\/media\/blog\/wp-content\/uploads\/tn_bluff.jpg\" alt=\"Bluff\" \/><\/a><\/p>\n<p>Avez-vous compt\u00e9 le nombre de fois que le nom de Simon-Olivier Fecteau revient sur l&rsquo;affiche de son film? Il reste \u00e0 savoir s&rsquo;il vend les billets et faire le popcorn lui-m\u00eame aussi!<\/p>\n<p><a href=\"http:\/\/barraclou.com\/media\/blog\/wp-content\/uploads\/boom_fm.jpg\"><img decoding=\"async\" src=\"http:\/\/barraclou.com\/media\/blog\/wp-content\/uploads\/tn_boom_fm.jpg\" alt=\"Boom FM\" \/><\/a><\/p>\n<p>Chose \u00e9trange, selon le Code de la s\u00e9curit\u00e9 routi\u00e8re du Qu\u00e9bec, un gyrophare bleu signifie un v\u00e9hicule de police. Expliquez-moi comment une station de radio en \u00ab\u00a0remote\u00a0\u00bb peut en utiliser un?<\/p>\n<p><a href=\"http:\/\/barraclou.com\/media\/blog\/wp-content\/uploads\/cotedesneiges.jpg\"><img decoding=\"async\" src=\"http:\/\/barraclou.com\/media\/blog\/wp-content\/uploads\/tn_cotedesneiges.jpg\" alt=\"C\u00f4te-des-Neiges\" \/><\/a><\/p>\n<p>Pouvez-vous me dire \u00e0 quoi sert ce bout de rue sans adresse qui tombe sur un sens unique menant aux autres voies du chemin de la C\u00f4te-des-Neiges \u00e0 Montr\u00e9al?<\/p>\n<p><a href=\"http:\/\/barraclou.com\/media\/blog\/wp-content\/uploads\/courdentree.jpg\"><img decoding=\"async\" src=\"http:\/\/barraclou.com\/media\/blog\/wp-content\/uploads\/tn_courdentree.jpg\" alt=\"Cour D'entr\u00e9e\" \/><\/a><\/p>\n<p>\u00ab\u00a0Cour d&rsquo;entr\u00e9e\u00a0\u00bb ou le bon fran\u00e7ais de Westmount.<\/p>\n<p><a href=\"http:\/\/barraclou.com\/media\/blog\/wp-content\/uploads\/the_boulevard.jpg\"><img decoding=\"async\" src=\"http:\/\/barraclou.com\/media\/blog\/wp-content\/uploads\/tn_the_boulevard.jpg\" alt=\"The Boulevard\" \/><\/a><\/p>\n<p>D&rsquo;ailleurs, l&rsquo;obscure nom de rue The Boulevard (Yeah, that&rsquo;s the ONE!) devient Le Boulevard pour les quelques m\u00e8tres s\u00e9parant Westmount des voies du chemin de la C\u00f4te-des-Neiges \u00e0 Montr\u00e9al. Vive le bilinguisme!<\/p>\n<p><a href=\"http:\/\/barraclou.com\/media\/blog\/wp-content\/uploads\/danville_goodenough.jpg\"><img decoding=\"async\" src=\"http:\/\/barraclou.com\/media\/blog\/wp-content\/uploads\/tn_danville_goodenough.jpg\" alt=\"Goodenough Road\" \/><\/a><\/p>\n<p>Goodenough Road in Danville. Good enough for what? Not to go somewhere, but to remember somebody named Goodenough!<\/p>\n<p><a href=\"http:\/\/barraclou.com\/media\/blog\/wp-content\/uploads\/parking_stationner.jpg\"><img decoding=\"async\" src=\"http:\/\/barraclou.com\/media\/blog\/wp-content\/uploads\/tn_parking_stationner.jpg\" alt=\"Parking\" \/><\/a><\/p>\n<p>En Ontario, un nom en anglais (parking) devient un verbe en fran\u00e7ais (stationner). Etrange comme ph\u00e9nom\u00e8ne.<\/p>\n<p><a href=\"http:\/\/barraclou.com\/media\/blog\/wp-content\/uploads\/redlight_tracks.jpg\"><img decoding=\"async\" src=\"http:\/\/barraclou.com\/media\/blog\/wp-content\/uploads\/tn_redlight_tracks.jpg\" alt=\"Tracks\" \/><\/a><\/p>\n<p>Il f\u00fbt une \u00e9poque o\u00f9 les p&rsquo;tits chars \u00e9taient rois \u00e0 Montr\u00e9al. A voir ces voies au coin de Ste-Catherine et St-Laurent, on a de la difficult\u00e9 \u00e0 reconnaitre ce qui est devenu avec le temps le quartier du \u00ab\u00a0red light\u00a0\u00bb, puis quoi au juste maintenant? Ah bon. Le futur quartier des spectacles&#8230;<\/p>\n<p><a href=\"http:\/\/barraclou.com\/media\/blog\/wp-content\/uploads\/road_cone.jpg\"><img decoding=\"async\" src=\"http:\/\/barraclou.com\/media\/blog\/wp-content\/uploads\/tn_road_cone.jpg\" alt=\"Road Cone\" \/><\/a><\/p>\n<p>Pouvez-vous me dire ce que fait un cone sur un balcon?<\/p>\n<p><a href=\"http:\/\/barraclou.com\/media\/blog\/wp-content\/uploads\/shopping_carts.jpg\"><img decoding=\"async\" src=\"http:\/\/barraclou.com\/media\/blog\/wp-content\/uploads\/tn_shopping_carts.jpg\" alt=\"Shopping Carts\" \/><\/a><\/p>\n<p>&#8230;Ou bien des paniers d&rsquo;\u00e9picerie dans le fond de la rivi\u00e8re des Outaouais?<\/p>\n<p><a href=\"http:\/\/barraclou.com\/media\/blog\/wp-content\/uploads\/standard_vehicle.jpg\"><img decoding=\"async\" src=\"http:\/\/barraclou.com\/media\/blog\/wp-content\/uploads\/tn_standard_vehicle.jpg\" alt=\"Standard vehicle\" \/><\/a><\/p>\n<p>C&rsquo;est s\u00fbrement une auto-\u00e9cole (alias un danger public), mais c&rsquo;est appr\u00e9ci\u00e9 de signaler que c&rsquo;est une manuelle, puisqu&rsquo;on ne restera pas en arri\u00e8re au cas o\u00f9 ils auraient des probl\u00e8mes \u00e0 shifter&#8230;<\/p>\n<p><a href=\"http:\/\/barraclou.com\/media\/blog\/wp-content\/uploads\/vous_etes_ici.jpg\"><img decoding=\"async\" src=\"http:\/\/barraclou.com\/media\/blog\/wp-content\/uploads\/tn_vous_etes_ici.jpg\" alt=\"Vous \u00eates ici\" \/><\/a><\/p>\n<p>J&rsquo;aime toujours savoir o\u00f9 je suis<\/p>\n<p><a href=\"http:\/\/barraclou.com\/media\/blog\/wp-content\/uploads\/maison_progres.jpg\"><img decoding=\"async\" src=\"http:\/\/barraclou.com\/media\/blog\/wp-content\/uploads\/tn_maison_progres.jpg\" alt=\"Maison du progr\u00e8s\" \/><\/a><\/p>\n<p>La maison du progr\u00e8s est ferm\u00e9. Qu&rsquo;est-ce qu&rsquo;on va faire dans la vie sans progr\u00e8s pour l&rsquo;avenir?<\/p>\n<p><a href=\"http:\/\/barraclou.com\/media\/blog\/wp-content\/uploads\/manac.jpg\"><img decoding=\"async\" src=\"http:\/\/barraclou.com\/media\/blog\/wp-content\/uploads\/tn_manac.jpg\" alt=\"Manac\" \/><\/a><\/p>\n<p>Cette photo du logo de Manac est une demande sp\u00e9ciale re\u00e7ue.<\/p>\n<p><a href=\"http:\/\/barraclou.com\/media\/blog\/wp-content\/uploads\/pole_center.jpg\"><img decoding=\"async\" src=\"http:\/\/barraclou.com\/media\/blog\/wp-content\/uploads\/tn_pole_center.jpg\" alt=\"Pole centre\" \/><\/a><\/p>\n<p>This pole has a chocolate center. That&rsquo;s good to know!<\/p>\n<p><a href=\"http:\/\/barraclou.com\/media\/blog\/wp-content\/uploads\/x.jpg\"><img decoding=\"async\" src=\"http:\/\/barraclou.com\/media\/blog\/wp-content\/uploads\/tn_x.jpg\" alt=\"X\" \/><\/a><\/p>\n<p>Tu peux faire une croix l\u00e0-dessus. Si sur les cartes de pirates, il y a un X dessin\u00e9 \u00e0 l&#8217;emplacement du tr\u00e9sor cach\u00e9, est-ce que \u00e7a voulait dit qu&rsquo;il y avait un tr\u00e9sor pr\u00e8s de moi?<\/p>\n","protected":false},"excerpt":{"rendered":"<p>BJ, ce n&rsquo;est pas tout \u00e0 faire un nom inspirant pour aller manger. En tout cas, pas pour moi. Avez-vous compt\u00e9 le nombre de fois que le nom de Simon-Olivier Fecteau revient sur l&rsquo;affiche de son film? Il reste \u00e0 savoir s&rsquo;il vend les billets et faire le popcorn lui-m\u00eame aussi! Chose \u00e9trange, selon le &hellip; <a href=\"http:\/\/barraclou.com\/media\/blog\/2008\/06\/04\/18-septembre-2007-ici-et-la\/\" class=\"more-link\">Continuer la lecture de <span class=\"screen-reader-text\">18 septembre 2007: Ici et l\u00e0<\/span>  <span class=\"meta-nav\">&rarr;<\/span><\/a><\/p>\n","protected":false},"author":2,"featured_media":0,"comment_status":"open","ping_status":"open","sticky":false,"template":"","format":"standard","meta":{"footnotes":""},"categories":[3,17,18,16,4,10,21],"tags":[],"class_list":["post-136","post","type-post","status-publish","format-standard","hentry","category-archives","category-centre-du-quebec","category-langue","category-histoire","category-insolite","category-montreal","category-urbanisme"],"_links":{"self":[{"href":"http:\/\/barraclou.com\/media\/blog\/wp-json\/wp\/v2\/posts\/136","targetHints":{"allow":["GET"]}}],"collection":[{"href":"http:\/\/barraclou.com\/media\/blog\/wp-json\/wp\/v2\/posts"}],"about":[{"href":"http:\/\/barraclou.com\/media\/blog\/wp-json\/wp\/v2\/types\/post"}],"author":[{"embeddable":true,"href":"http:\/\/barraclou.com\/media\/blog\/wp-json\/wp\/v2\/users\/2"}],"replies":[{"embeddable":true,"href":"http:\/\/barraclou.com\/media\/blog\/wp-json\/wp\/v2\/comments?post=136"}],"version-history":[{"count":0,"href":"http:\/\/barraclou.com\/media\/blog\/wp-json\/wp\/v2\/posts\/136\/revisions"}],"wp:attachment":[{"href":"http:\/\/barraclou.com\/media\/blog\/wp-json\/wp\/v2\/media?parent=136"}],"wp:term":[{"taxonomy":"category","embeddable":true,"href":"http:\/\/barraclou.com\/media\/blog\/wp-json\/wp\/v2\/categories?post=136"},{"taxonomy":"post_tag","embeddable":true,"href":"http:\/\/barraclou.com\/media\/blog\/wp-json\/wp\/v2\/tags?post=136"}],"curies":[{"name":"wp","href":"https:\/\/api.w.org\/{rel}","templated":true}]}}