{"id":133,"date":"2008-06-04T23:22:42","date_gmt":"2008-06-05T06:22:42","guid":{"rendered":"http:\/\/barraclou.com\/media\/blog\/?p=133"},"modified":"2008-06-04T23:22:42","modified_gmt":"2008-06-05T06:22:42","slug":"30-juillet-2007-montreal-potins","status":"publish","type":"post","link":"http:\/\/barraclou.com\/media\/blog\/2008\/06\/04\/30-juillet-2007-montreal-potins\/","title":{"rendered":"30 juillet 2007: Montr\u00e9al-Potins"},"content":{"rendered":"<p><a href=\"\/photo\/concerts\/francais.html#cochons\"><img decoding=\"async\" src=\"\/photo\/concerts\/tn_troisptitscochons.jpg\" alt=\"Les trois petits cochons\" \/><\/a><\/p>\n<p>Profitons de l`\u00e9cart de \u00ab\u00a0deadline\u00a0\u00bb pour devancer (\u00ab\u00a0scooper\u00a0\u00bb) les Echos Vedettes et autres 7 Jours de ce monde en publiant <a href=\"\/photo\/concerts\/francais.html#cochons\">quelques photos de la premi\u00e8re du film de Patrick Huard, Les trois p`tits cochons<\/a>.<\/p>\n<p>C\u00f4t\u00e9 potins, entendu directement de la bouche de l&rsquo;auteur de la s\u00e9rie Lance et compte, R\u00e9jean Tremblay, durant la prochaine saison, Guy (Jason Roy-L\u00e9veill\u00e9), le fils de Pierre Lambert va tromper sa blonde et va attraper une MTS.<\/p>\n<p>If you have no clue about what it is about, that`s because it is about a major French Canadian movie premiere and its celebs.<\/p>\n<p><a href=\"http:\/\/barraclou.com\/media\/blog\/wp-content\/uploads\/pieton.jpg\"><img decoding=\"async\" src=\"http:\/\/barraclou.com\/media\/blog\/wp-content\/uploads\/tn_pieton.jpg\" alt=\"Le pi\u00e9ton\" \/><\/a><\/p>\n<p>Egalement, j&rsquo;en profite pour vous pr\u00e9senter le pi\u00e9ton. Il s&rsquo;agit bel et bien de celui annonc\u00e9 sur la pancarte<\/p>\n","protected":false},"excerpt":{"rendered":"<p>Profitons de l`\u00e9cart de \u00ab\u00a0deadline\u00a0\u00bb pour devancer (\u00ab\u00a0scooper\u00a0\u00bb) les Echos Vedettes et autres 7 Jours de ce monde en publiant quelques photos de la premi\u00e8re du film de Patrick Huard, Les trois p`tits cochons. C\u00f4t\u00e9 potins, entendu directement de la bouche de l&rsquo;auteur de la s\u00e9rie Lance et compte, R\u00e9jean Tremblay, durant la prochaine saison, &hellip; <a href=\"http:\/\/barraclou.com\/media\/blog\/2008\/06\/04\/30-juillet-2007-montreal-potins\/\" class=\"more-link\">Continuer la lecture de <span class=\"screen-reader-text\">30 juillet 2007: Montr\u00e9al-Potins<\/span>  <span class=\"meta-nav\">&rarr;<\/span><\/a><\/p>\n","protected":false},"author":2,"featured_media":0,"comment_status":"open","ping_status":"open","sticky":false,"template":"","format":"standard","meta":{"footnotes":""},"categories":[3,12,4,5,10],"tags":[],"class_list":["post-133","post","type-post","status-publish","format-standard","hentry","category-archives","category-culture","category-insolite","category-medias","category-montreal"],"_links":{"self":[{"href":"http:\/\/barraclou.com\/media\/blog\/wp-json\/wp\/v2\/posts\/133","targetHints":{"allow":["GET"]}}],"collection":[{"href":"http:\/\/barraclou.com\/media\/blog\/wp-json\/wp\/v2\/posts"}],"about":[{"href":"http:\/\/barraclou.com\/media\/blog\/wp-json\/wp\/v2\/types\/post"}],"author":[{"embeddable":true,"href":"http:\/\/barraclou.com\/media\/blog\/wp-json\/wp\/v2\/users\/2"}],"replies":[{"embeddable":true,"href":"http:\/\/barraclou.com\/media\/blog\/wp-json\/wp\/v2\/comments?post=133"}],"version-history":[{"count":0,"href":"http:\/\/barraclou.com\/media\/blog\/wp-json\/wp\/v2\/posts\/133\/revisions"}],"wp:attachment":[{"href":"http:\/\/barraclou.com\/media\/blog\/wp-json\/wp\/v2\/media?parent=133"}],"wp:term":[{"taxonomy":"category","embeddable":true,"href":"http:\/\/barraclou.com\/media\/blog\/wp-json\/wp\/v2\/categories?post=133"},{"taxonomy":"post_tag","embeddable":true,"href":"http:\/\/barraclou.com\/media\/blog\/wp-json\/wp\/v2\/tags?post=133"}],"curies":[{"name":"wp","href":"https:\/\/api.w.org\/{rel}","templated":true}]}}