{"id":132,"date":"2008-06-04T23:14:26","date_gmt":"2008-06-05T06:14:26","guid":{"rendered":"http:\/\/barraclou.com\/media\/blog\/?p=132"},"modified":"2008-06-06T14:30:40","modified_gmt":"2008-06-06T21:30:40","slug":"23-juillet-2007-princevillois-ayez-honte","status":"publish","type":"post","link":"http:\/\/barraclou.com\/media\/blog\/2008\/06\/04\/23-juillet-2007-princevillois-ayez-honte\/","title":{"rendered":"23 juillet 2007: Princevillois, ayez honte"},"content":{"rendered":"<p><a href=\"http:\/\/barraclou.com\/media\/blog\/wp-content\/uploads\/peaux_moutons.jpg\"><img decoding=\"async\" src=\"http:\/\/barraclou.com\/media\/blog\/wp-content\/uploads\/tn_peaux_moutons.jpg\" alt=\"Peaux de moutons\" \/><\/a><a href=\"http:\/\/barraclou.com\/media\/blog\/wp-content\/uploads\/bonne_vacance.jpg\"><img decoding=\"async\" src=\"http:\/\/barraclou.com\/media\/blog\/wp-content\/uploads\/tn_bonne_vacance.jpg\" alt=\"Bonne Vacance\" \/><\/a><\/p>\n<p>Princevillois, Ayez honte. Comment se fait-il que votre code d&rsquo;urbanisme laisse passer des affaires aussi grotesques que ce Ben LaLaine depuis des mois? Je comprends que ce marchand de peaux de moutons est en manque desesper\u00e9 de publicit\u00e9, mais \u00e0 d\u00e9faut de lui enseigner le bon go\u00fbt, pourriez-vous lui limiter ses exc\u00e8s de qu\u00e9taineries pour le bien de la soci\u00e9t\u00e9. Aussi, dites \u00e0 un de ses voisins que Bonne Vacance, \u00e7a s&rsquo;\u00e9crit toujours au pluriel, sauf si on parle d&rsquo;un juge.<\/p>\n<p><a href=\"http:\/\/barraclou.com\/media\/blog\/wp-content\/uploads\/fx_garneau.jpg\"><img decoding=\"async\" src=\"http:\/\/barraclou.com\/media\/blog\/wp-content\/uploads\/tn_fx_garneau.jpg\" alt=\"FX Garneau\" \/><\/a><\/p>\n<p>Sur cette photo, on a aussi la preuve que les Qu\u00e9b\u00e9cois sont du monde de party, car m\u00eame leurs statue ont leur cannette de bi\u00e8re \u00e0 la main!<\/p>\n","protected":false},"excerpt":{"rendered":"<p>Princevillois, Ayez honte. Comment se fait-il que votre code d&rsquo;urbanisme laisse passer des affaires aussi grotesques que ce Ben LaLaine depuis des mois? Je comprends que ce marchand de peaux de moutons est en manque desesper\u00e9 de publicit\u00e9, mais \u00e0 d\u00e9faut de lui enseigner le bon go\u00fbt, pourriez-vous lui limiter ses exc\u00e8s de qu\u00e9taineries pour &hellip; <a href=\"http:\/\/barraclou.com\/media\/blog\/2008\/06\/04\/23-juillet-2007-princevillois-ayez-honte\/\" class=\"more-link\">Continuer la lecture de <span class=\"screen-reader-text\">23 juillet 2007: Princevillois, ayez honte<\/span>  <span class=\"meta-nav\">&rarr;<\/span><\/a><\/p>\n","protected":false},"author":2,"featured_media":0,"comment_status":"open","ping_status":"open","sticky":false,"template":"","format":"standard","meta":{"footnotes":""},"categories":[3,17,18,4,13,21],"tags":[],"class_list":["post-132","post","type-post","status-publish","format-standard","hentry","category-archives","category-centre-du-quebec","category-langue","category-insolite","category-quebec","category-urbanisme"],"_links":{"self":[{"href":"http:\/\/barraclou.com\/media\/blog\/wp-json\/wp\/v2\/posts\/132","targetHints":{"allow":["GET"]}}],"collection":[{"href":"http:\/\/barraclou.com\/media\/blog\/wp-json\/wp\/v2\/posts"}],"about":[{"href":"http:\/\/barraclou.com\/media\/blog\/wp-json\/wp\/v2\/types\/post"}],"author":[{"embeddable":true,"href":"http:\/\/barraclou.com\/media\/blog\/wp-json\/wp\/v2\/users\/2"}],"replies":[{"embeddable":true,"href":"http:\/\/barraclou.com\/media\/blog\/wp-json\/wp\/v2\/comments?post=132"}],"version-history":[{"count":0,"href":"http:\/\/barraclou.com\/media\/blog\/wp-json\/wp\/v2\/posts\/132\/revisions"}],"wp:attachment":[{"href":"http:\/\/barraclou.com\/media\/blog\/wp-json\/wp\/v2\/media?parent=132"}],"wp:term":[{"taxonomy":"category","embeddable":true,"href":"http:\/\/barraclou.com\/media\/blog\/wp-json\/wp\/v2\/categories?post=132"},{"taxonomy":"post_tag","embeddable":true,"href":"http:\/\/barraclou.com\/media\/blog\/wp-json\/wp\/v2\/tags?post=132"}],"curies":[{"name":"wp","href":"https:\/\/api.w.org\/{rel}","templated":true}]}}