{"id":128,"date":"2008-06-04T22:56:44","date_gmt":"2008-06-05T05:56:44","guid":{"rendered":"http:\/\/barraclou.com\/media\/blog\/?p=128"},"modified":"2008-06-04T22:56:44","modified_gmt":"2008-06-05T05:56:44","slug":"8-juin-2007-traces-dun-passe-recent","status":"publish","type":"post","link":"http:\/\/barraclou.com\/media\/blog\/2008\/06\/04\/8-juin-2007-traces-dun-passe-recent\/","title":{"rendered":"8 juin 2007: Traces d&rsquo;un pass\u00e9 r\u00e9cent"},"content":{"rendered":"<p><a href=\"http:\/\/barraclou.com\/media\/blog\/wp-content\/uploads\/redlight.jpg\"><img decoding=\"async\" src=\"http:\/\/barraclou.com\/media\/blog\/wp-content\/uploads\/tn_redlight.jpg\" alt=\"Redlight\" \/><\/a><a href=\"\/photo\/skyline\/qc\/montreal_ouimetoscope.jpg\"><img decoding=\"async\" src=\"\/photo\/skyline\/qc\/tn_montreal_ouimetoscope.jpg\" alt=\"Ouimetoscope\" \/><\/a><\/p>\n<p>Ca a beau \u00eatre pluvieux, mais l&rsquo;hiver est fini. Comme l&rsquo;adage dit, on est dans l&rsquo;autre saison, celle de la construction. A Montr\u00e9al, c&rsquo;est la fin de semaine du Grand Prix et la ville se fait belle pour l&rsquo;\u00e9v\u00e9nement. M\u00eame les \u00ab\u00a0guidounes\u00a0\u00bb du Redlight vont faire le trottoir sur du neuf!<\/p>\n<p>Egalement, en prennant une marche, quelle surprise que j&rsquo;ai eu de savoir que l&rsquo;\u00e9difice de l&rsquo;historique Ouimetoscope est maintenant occup\u00e9 par un&#8230; \u00ab\u00a0magasin \u00e0 une piastre\u00a0\u00bb.<\/p>\n","protected":false},"excerpt":{"rendered":"<p>Ca a beau \u00eatre pluvieux, mais l&rsquo;hiver est fini. Comme l&rsquo;adage dit, on est dans l&rsquo;autre saison, celle de la construction. A Montr\u00e9al, c&rsquo;est la fin de semaine du Grand Prix et la ville se fait belle pour l&rsquo;\u00e9v\u00e9nement. M\u00eame les \u00ab\u00a0guidounes\u00a0\u00bb du Redlight vont faire le trottoir sur du neuf! Egalement, en prennant une &hellip; <a href=\"http:\/\/barraclou.com\/media\/blog\/2008\/06\/04\/8-juin-2007-traces-dun-passe-recent\/\" class=\"more-link\">Continuer la lecture de <span class=\"screen-reader-text\">8 juin 2007: Traces d&rsquo;un pass\u00e9 r\u00e9cent<\/span>  <span class=\"meta-nav\">&rarr;<\/span><\/a><\/p>\n","protected":false},"author":2,"featured_media":0,"comment_status":"open","ping_status":"open","sticky":false,"template":"","format":"standard","meta":{"footnotes":""},"categories":[3,16,10],"tags":[],"class_list":["post-128","post","type-post","status-publish","format-standard","hentry","category-archives","category-histoire","category-montreal"],"_links":{"self":[{"href":"http:\/\/barraclou.com\/media\/blog\/wp-json\/wp\/v2\/posts\/128","targetHints":{"allow":["GET"]}}],"collection":[{"href":"http:\/\/barraclou.com\/media\/blog\/wp-json\/wp\/v2\/posts"}],"about":[{"href":"http:\/\/barraclou.com\/media\/blog\/wp-json\/wp\/v2\/types\/post"}],"author":[{"embeddable":true,"href":"http:\/\/barraclou.com\/media\/blog\/wp-json\/wp\/v2\/users\/2"}],"replies":[{"embeddable":true,"href":"http:\/\/barraclou.com\/media\/blog\/wp-json\/wp\/v2\/comments?post=128"}],"version-history":[{"count":0,"href":"http:\/\/barraclou.com\/media\/blog\/wp-json\/wp\/v2\/posts\/128\/revisions"}],"wp:attachment":[{"href":"http:\/\/barraclou.com\/media\/blog\/wp-json\/wp\/v2\/media?parent=128"}],"wp:term":[{"taxonomy":"category","embeddable":true,"href":"http:\/\/barraclou.com\/media\/blog\/wp-json\/wp\/v2\/categories?post=128"},{"taxonomy":"post_tag","embeddable":true,"href":"http:\/\/barraclou.com\/media\/blog\/wp-json\/wp\/v2\/tags?post=128"}],"curies":[{"name":"wp","href":"https:\/\/api.w.org\/{rel}","templated":true}]}}