{"id":122,"date":"2008-06-04T22:42:36","date_gmt":"2008-06-05T05:42:36","guid":{"rendered":"http:\/\/barraclou.com\/media\/blog\/?p=122"},"modified":"2008-06-05T12:05:55","modified_gmt":"2008-06-05T19:05:55","slug":"26-mars-2007-delivrez-nous-des-liberaux","status":"publish","type":"post","link":"http:\/\/barraclou.com\/media\/blog\/2008\/06\/04\/26-mars-2007-delivrez-nous-des-liberaux\/","title":{"rendered":"26 mars 2007: D\u00e9livrez-nous des Lib\u00e9raux"},"content":{"rendered":"<p>La campagne \u00e9lectorale a pris fait aujourd&rsquo;hui. Malheureusement, les r\u00e9sultats n&rsquo;ont pas \u00e9t\u00e9 assez concluants pour sortir les Lib\u00e9raux du pouvoir. Au moins, on peut toujours se consoler qu&rsquo;ils formeront le premier gouvernement minoritaire en plus d&rsquo;un si\u00e8cle et que leur chef, Jean Charest, ne passait m\u00eame pas dans son propre comt\u00e9 pendant une partie de la soir\u00e9e. Aussi, il est amusant de regarder la sc\u00e8ne suivante o\u00f9 une pancarte lib\u00e9rale du comt\u00e9 de Ch\u00e2teauguay co-habite pr\u00e8s d&rsquo;une pancarte p\u00e9quiste de la circonscription de La Prairie. Est-ce que c&rsquo;est ce qu&rsquo;on peut appeler la ligne du comt\u00e9?<\/p>\n<p><a href=\"http:\/\/barraclou.com\/media\/blog\/wp-content\/uploads\/chateauguay_laprairie.jpg\"><img decoding=\"async\" src=\"http:\/\/barraclou.com\/media\/blog\/wp-content\/uploads\/tn_chateauguay_laprairie.jpg\" alt=\"Autoroute 30\" \/><\/a><a href=\"http:\/\/barraclou.com\/media\/blog\/wp-content\/uploads\/neglige_charest.jpg\"><img decoding=\"async\" src=\"http:\/\/barraclou.com\/media\/blog\/wp-content\/uploads\/tn_neglige_charest.jpg\" alt=\"Neglig\u00e9 par Charest\" \/><\/a><\/p>\n","protected":false},"excerpt":{"rendered":"<p>La campagne \u00e9lectorale a pris fait aujourd&rsquo;hui. Malheureusement, les r\u00e9sultats n&rsquo;ont pas \u00e9t\u00e9 assez concluants pour sortir les Lib\u00e9raux du pouvoir. Au moins, on peut toujours se consoler qu&rsquo;ils formeront le premier gouvernement minoritaire en plus d&rsquo;un si\u00e8cle et que leur chef, Jean Charest, ne passait m\u00eame pas dans son propre comt\u00e9 pendant une partie &hellip; <a href=\"http:\/\/barraclou.com\/media\/blog\/2008\/06\/04\/26-mars-2007-delivrez-nous-des-liberaux\/\" class=\"more-link\">Continuer la lecture de <span class=\"screen-reader-text\">26 mars 2007: D\u00e9livrez-nous des Lib\u00e9raux<\/span>  <span class=\"meta-nav\">&rarr;<\/span><\/a><\/p>\n","protected":false},"author":2,"featured_media":0,"comment_status":"open","ping_status":"open","sticky":false,"template":"","format":"standard","meta":{"footnotes":""},"categories":[3,4,10,6],"tags":[],"class_list":["post-122","post","type-post","status-publish","format-standard","hentry","category-archives","category-insolite","category-montreal","category-politique"],"_links":{"self":[{"href":"http:\/\/barraclou.com\/media\/blog\/wp-json\/wp\/v2\/posts\/122","targetHints":{"allow":["GET"]}}],"collection":[{"href":"http:\/\/barraclou.com\/media\/blog\/wp-json\/wp\/v2\/posts"}],"about":[{"href":"http:\/\/barraclou.com\/media\/blog\/wp-json\/wp\/v2\/types\/post"}],"author":[{"embeddable":true,"href":"http:\/\/barraclou.com\/media\/blog\/wp-json\/wp\/v2\/users\/2"}],"replies":[{"embeddable":true,"href":"http:\/\/barraclou.com\/media\/blog\/wp-json\/wp\/v2\/comments?post=122"}],"version-history":[{"count":0,"href":"http:\/\/barraclou.com\/media\/blog\/wp-json\/wp\/v2\/posts\/122\/revisions"}],"wp:attachment":[{"href":"http:\/\/barraclou.com\/media\/blog\/wp-json\/wp\/v2\/media?parent=122"}],"wp:term":[{"taxonomy":"category","embeddable":true,"href":"http:\/\/barraclou.com\/media\/blog\/wp-json\/wp\/v2\/categories?post=122"},{"taxonomy":"post_tag","embeddable":true,"href":"http:\/\/barraclou.com\/media\/blog\/wp-json\/wp\/v2\/tags?post=122"}],"curies":[{"name":"wp","href":"https:\/\/api.w.org\/{rel}","templated":true}]}}