{"id":121,"date":"2008-06-04T22:38:32","date_gmt":"2008-06-05T05:38:32","guid":{"rendered":"http:\/\/barraclou.com\/media\/blog\/?p=121"},"modified":"2008-06-04T22:38:32","modified_gmt":"2008-06-05T05:38:32","slug":"25-mars-2007-lenfer-est-rouge-2","status":"publish","type":"post","link":"http:\/\/barraclou.com\/media\/blog\/2008\/06\/04\/25-mars-2007-lenfer-est-rouge-2\/","title":{"rendered":"25 mars 2007: L&rsquo;enfer est rouge (2)"},"content":{"rendered":"<p>D&rsquo;autres nouvelles \u00e0 propos des \u00e9lections provinciales. Saviez-vous que la tr\u00e8s d\u00e9mocratique et transparente \u00e9quipe lib\u00e9rale de votre Premier Ministre provincial ador\u00e9 envoie l&rsquo;escouade du bureau du PM de la S\u00fbret\u00e9 du Qu\u00e9bec faire le m\u00e9nage partout o\u00f9 il va quelques minutes avant son passage? Ici, on ne parle pas de simples v\u00e9rifications routini\u00e8res de s\u00e9curit\u00e9 ou du travail des gardes du corps, mais un v\u00e9ritable tri discret de la foule. Dej\u00e0 qu&rsquo;ils participent \u00e0 des formules de d\u00e9bats t\u00e9l\u00e9vis\u00e9s tellement drabes et st\u00e9riles, puis qu&rsquo;ils ne font jamais de sorties publiques que devant des d\u00e9bats des militants aveuglement vendus d&rsquo;avance et des journalistes complaisants (sauf l&rsquo;exception de Varennes), toute personne pouvant ne pas correspondre \u00e0 l&rsquo;image que le parti veut r\u00e9fl\u00e8ter ou qui peut \u00eatre en d\u00e9saccord avec eux est retir\u00e9e des lieux plut\u00f4t que d&rsquo;avoir \u00e0 vivre avec eux. La comparaison est plus difficile, car les autres partis ne sont pas au pouvoir, mais il n&rsquo;a pas \u00e9t\u00e9 permis de constater de tels comportements comme il l&rsquo;a \u00e9t\u00e9 \u00e0 la soir\u00e9e lib\u00e9rale de jeudi \u00e0 Victoriaville.<\/p>\n<p>\u00c9galement, une forte rumeur circule que cette salle du bureau de campagne aurait \u00e9t\u00e9 \u00ab\u00a0pact\u00e9e\u00a0\u00bb par des membres manipul\u00e9s du club de l&rsquo;\u00e2ge d&rsquo;or local. L&rsquo;organisme aurait re\u00e7u un ch\u00e8que de 500 dollars pour le service demand\u00e9 par le parti. Lors de la soir\u00e9e, il y avait effectivement une forte majorit\u00e9 de personnes ag\u00e9es. On peut parler d&rsquo;un ratio de 85% d&rsquo;ain\u00e9s pour 15% des autres groupes (dignitaires locaux, membres des minorit\u00e9s visibles et les autres ayant eu l&rsquo;approbation des policiers habill\u00e9s en civil). Si on analyse la situation avec cette donn\u00e9e, on peut en d\u00e9duire que la salle \u00e9tait pratiquement vides de v\u00e9ritables supporters venus appuyer avec leurs propres convictions. Autrement, \u00e7a signifie que le portrait de leurs \u00e9lecteurs est tr\u00e8s pr\u00e9cis. Ceci est tout \u00e0 fait logique avec les sondages publi\u00e9s. Ceux-ci pr\u00e9disent que le candidat lib\u00e9ral et d\u00e9put\u00e9e sortant, Claude Bachand, se d\u00e9rige tout droit vers un cuisante d\u00e9faite.<\/p>\n<p>Aussi, j&rsquo;aimerais souligner la totale incomp\u00e9tence de ce qui veut se faire appeler des agents de s\u00e9curit\u00e9 au terminus Voyageur (maintenant \u00ab\u00a0Station centrale\u00a0\u00bb (sic)) de Montr\u00e9al. Apr\u00e8s avoir vu par hasard une partie de la sur\u00e9valu\u00e9e \u00e9mission Infoman, on a pu voir la crise qu&rsquo;un de ces gardiens avait fait au journaliste Alexandre Dumas (qui pouvait avoir \u00e9t\u00e9 un peu trop loin). C&rsquo;est dr\u00f4le qu&rsquo;il ait intervenu aussi agressivement en plein reportage en direct (converse) devant 200 000 personnes, puisque les derni\u00e8res fois que j&rsquo;ai circul\u00e9 par cet endroit, j&rsquo;avais de la difficult\u00e9 \u00e0 le diff\u00e9rencer de l&rsquo;Accueuil Bonneau. Je n&rsquo;ai rien contre les itin\u00e9rants, mais je ne comprends pas que certains puissent en aussi grand nombre venir qu\u00eater avec insistance, harc\u00e8ler et m\u00eame pour certains, faire les poches de la client\u00e8le autant dans l&rsquo;endroit sans que ces \u00ab\u00a0courageux et vaillants\u00a0\u00bb gardiens l\u00e2chent leur tasse de caf\u00e9 ou leurs mots crois\u00e9s pour faire leur travail. Faut-il croire la croyance qu&rsquo;ils sont frustr\u00e9s de la vie, puisqu&rsquo;ils ont rat\u00e9s l&rsquo;\u00e9cole de police?<\/p>\n<p>Je doute que le parti Qu\u00e9b\u00e9cois soit meilleur pour tenir ses promesses que les Lib\u00e9raux, mais je ne peux m&#8217;emp\u00eacher de mentionner cette pancarte. Au moins, ils ciblent v\u00e9ritablement des probl\u00e8mes et des id\u00e9es, surtout que le sujet est toujours vendeur et pragmatique.<\/p>\n<p><a href=\"http:\/\/barraclou.com\/media\/blog\/wp-content\/uploads\/pq_30.jpg\"><img decoding=\"async\" src=\"http:\/\/barraclou.com\/media\/blog\/wp-content\/uploads\/tn_pq_30.jpg\" alt=\"Autoroute 30\" \/><\/a><\/p>\n<p>WTF? C&rsquo;est quoi cette pancarte-l\u00e0? D&rsquo;acccord sur le fait de ramasser les mati\u00e8res solides apr\u00e8s son passage, mais de l\u00e0 \u00e0 aller aussi loin que \u00e7a. Pourquoi ne pas dire carr\u00e9ment que vous ne voulez simplement avoir de chiens dans les environs?<\/p>\n<p><a href=\"http:\/\/barraclou.com\/media\/blog\/wp-content\/uploads\/dog_urine.jpg\"><img decoding=\"async\" src=\"http:\/\/barraclou.com\/media\/blog\/wp-content\/uploads\/tn_dog_urine.jpg\" alt=\"Dogs\" \/><\/a><\/p>\n<p>Le printemps est arriv\u00e9! La faune est r\u00e9apparue de fa\u00e7on fringante sur le bord de la route.<\/p>\n<p><a href=\"\/photo\/automobiles\/police\/sq6xxx_autoroutier.jpg\"><img decoding=\"async\" src=\"\/photo\/automobiles\/police\/tn_sq6xxx_autoroutier.jpg\" alt=\"SQ\" \/><\/a><\/p>\n<p>Un dernier petit mot, est-ce que je suis le seul \u00e0 avoir des probl\u00e8mes avec Webshit.com, pardon Webshots.com? Ce site est pire que MySpace.com pour ce qui est de faire geler ou planter les ordinateurs.<\/p>\n","protected":false},"excerpt":{"rendered":"<p>D&rsquo;autres nouvelles \u00e0 propos des \u00e9lections provinciales. Saviez-vous que la tr\u00e8s d\u00e9mocratique et transparente \u00e9quipe lib\u00e9rale de votre Premier Ministre provincial ador\u00e9 envoie l&rsquo;escouade du bureau du PM de la S\u00fbret\u00e9 du Qu\u00e9bec faire le m\u00e9nage partout o\u00f9 il va quelques minutes avant son passage? Ici, on ne parle pas de simples v\u00e9rifications routini\u00e8res de &hellip; <a href=\"http:\/\/barraclou.com\/media\/blog\/2008\/06\/04\/25-mars-2007-lenfer-est-rouge-2\/\" class=\"more-link\">Continuer la lecture de <span class=\"screen-reader-text\">25 mars 2007: L&rsquo;enfer est rouge (2)<\/span>  <span class=\"meta-nav\">&rarr;<\/span><\/a><\/p>\n","protected":false},"author":2,"featured_media":0,"comment_status":"open","ping_status":"open","sticky":false,"template":"","format":"standard","meta":{"footnotes":""},"categories":[3,17,1,10,6,9,11],"tags":[],"class_list":["post-121","post","type-post","status-publish","format-standard","hentry","category-archives","category-centre-du-quebec","category-divers","category-montreal","category-politique","category-sherbrooke","category-societe"],"_links":{"self":[{"href":"http:\/\/barraclou.com\/media\/blog\/wp-json\/wp\/v2\/posts\/121","targetHints":{"allow":["GET"]}}],"collection":[{"href":"http:\/\/barraclou.com\/media\/blog\/wp-json\/wp\/v2\/posts"}],"about":[{"href":"http:\/\/barraclou.com\/media\/blog\/wp-json\/wp\/v2\/types\/post"}],"author":[{"embeddable":true,"href":"http:\/\/barraclou.com\/media\/blog\/wp-json\/wp\/v2\/users\/2"}],"replies":[{"embeddable":true,"href":"http:\/\/barraclou.com\/media\/blog\/wp-json\/wp\/v2\/comments?post=121"}],"version-history":[{"count":0,"href":"http:\/\/barraclou.com\/media\/blog\/wp-json\/wp\/v2\/posts\/121\/revisions"}],"wp:attachment":[{"href":"http:\/\/barraclou.com\/media\/blog\/wp-json\/wp\/v2\/media?parent=121"}],"wp:term":[{"taxonomy":"category","embeddable":true,"href":"http:\/\/barraclou.com\/media\/blog\/wp-json\/wp\/v2\/categories?post=121"},{"taxonomy":"post_tag","embeddable":true,"href":"http:\/\/barraclou.com\/media\/blog\/wp-json\/wp\/v2\/tags?post=121"}],"curies":[{"name":"wp","href":"https:\/\/api.w.org\/{rel}","templated":true}]}}