{"id":115,"date":"2008-06-04T22:16:47","date_gmt":"2008-06-05T05:16:47","guid":{"rendered":"http:\/\/barraclou.com\/media\/blog\/?p=115"},"modified":"2008-06-04T22:17:47","modified_gmt":"2008-06-05T05:17:47","slug":"27-fevrier-2007-temps-hivernal-3","status":"publish","type":"post","link":"http:\/\/barraclou.com\/media\/blog\/2008\/06\/04\/27-fevrier-2007-temps-hivernal-3\/","title":{"rendered":"27 f\u00e9vrier 2007: Temps hivernal (3)"},"content":{"rendered":"<p><a href=\"http:\/\/barraclou.com\/media\/blog\/wp-content\/uploads\/ether_can.jpg\"><img decoding=\"async\" src=\"http:\/\/barraclou.com\/media\/blog\/wp-content\/uploads\/tn_ether_can.jpg\" alt=\"Ether Can\" \/><\/a><a href=\"http:\/\/barraclou.com\/media\/blog\/wp-content\/uploads\/telegraph_pole.jpg\"><img decoding=\"async\" src=\"http:\/\/barraclou.com\/media\/blog\/wp-content\/uploads\/tn_telegraph_pole.jpg\" alt=\"Telegraph Pole\" \/><\/a><\/p>\n<p>Aussi gros peuvent-ils \u00eatre, les v\u00e9hicules di\u00e9sel ont parfois besoin de cette petite bouteille d&rsquo;\u00e9ther par temps hivenal. Aussi, m\u00eame si ce n&rsquo;est pas probablement pas le cas ici, les lignes de fils sur les poteaux sont mis \u00e0 l&rsquo;\u00e9preuve durant la saison froide.<\/p>\n<p><a href=\"http:\/\/barraclou.com\/photo\/highway\/dont_climb_on_dinosaur.jpg\"><img decoding=\"async\" src=\"http:\/\/barraclou.com\/photo\/highway\/tn_dont_climb_on_dinosaur.jpg\" alt=\"tn_dont_climb_on_dinosaur.jpg\" \/><\/a><br \/>\nNe pas monter sur les dinosaures. Ce n&rsquo;est pas tout le monde qui a les m\u00eames pr\u00e9occupations&#8230;<\/p>\n","protected":false},"excerpt":{"rendered":"<p>Aussi gros peuvent-ils \u00eatre, les v\u00e9hicules di\u00e9sel ont parfois besoin de cette petite bouteille d&rsquo;\u00e9ther par temps hivenal. Aussi, m\u00eame si ce n&rsquo;est pas probablement pas le cas ici, les lignes de fils sur les poteaux sont mis \u00e0 l&rsquo;\u00e9preuve durant la saison froide. Ne pas monter sur les dinosaures. Ce n&rsquo;est pas tout le &hellip; <a href=\"http:\/\/barraclou.com\/media\/blog\/2008\/06\/04\/27-fevrier-2007-temps-hivernal-3\/\" class=\"more-link\">Continuer la lecture de <span class=\"screen-reader-text\">27 f\u00e9vrier 2007: Temps hivernal (3)<\/span>  <span class=\"meta-nav\">&rarr;<\/span><\/a><\/p>\n","protected":false},"author":2,"featured_media":0,"comment_status":"open","ping_status":"open","sticky":false,"template":"","format":"standard","meta":{"footnotes":""},"categories":[3,17,4,10],"tags":[],"class_list":["post-115","post","type-post","status-publish","format-standard","hentry","category-archives","category-centre-du-quebec","category-insolite","category-montreal"],"_links":{"self":[{"href":"http:\/\/barraclou.com\/media\/blog\/wp-json\/wp\/v2\/posts\/115","targetHints":{"allow":["GET"]}}],"collection":[{"href":"http:\/\/barraclou.com\/media\/blog\/wp-json\/wp\/v2\/posts"}],"about":[{"href":"http:\/\/barraclou.com\/media\/blog\/wp-json\/wp\/v2\/types\/post"}],"author":[{"embeddable":true,"href":"http:\/\/barraclou.com\/media\/blog\/wp-json\/wp\/v2\/users\/2"}],"replies":[{"embeddable":true,"href":"http:\/\/barraclou.com\/media\/blog\/wp-json\/wp\/v2\/comments?post=115"}],"version-history":[{"count":0,"href":"http:\/\/barraclou.com\/media\/blog\/wp-json\/wp\/v2\/posts\/115\/revisions"}],"wp:attachment":[{"href":"http:\/\/barraclou.com\/media\/blog\/wp-json\/wp\/v2\/media?parent=115"}],"wp:term":[{"taxonomy":"category","embeddable":true,"href":"http:\/\/barraclou.com\/media\/blog\/wp-json\/wp\/v2\/categories?post=115"},{"taxonomy":"post_tag","embeddable":true,"href":"http:\/\/barraclou.com\/media\/blog\/wp-json\/wp\/v2\/tags?post=115"}],"curies":[{"name":"wp","href":"https:\/\/api.w.org\/{rel}","templated":true}]}}