{"id":112,"date":"2008-06-04T21:47:19","date_gmt":"2008-06-05T04:47:19","guid":{"rendered":"http:\/\/barraclou.com\/media\/blog\/?p=112"},"modified":"2008-06-04T21:47:19","modified_gmt":"2008-06-05T04:47:19","slug":"14-fevrier-2007-temps-hivernal","status":"publish","type":"post","link":"http:\/\/barraclou.com\/media\/blog\/2008\/06\/04\/14-fevrier-2007-temps-hivernal\/","title":{"rendered":"14 f\u00e9vrier 2007: Temps hivernal"},"content":{"rendered":"<p><a href=\"http:\/\/barraclou.com\/media\/blog\/wp-content\/uploads\/victoriaville_hiver.jpg\"><img decoding=\"async\" src=\"http:\/\/barraclou.com\/media\/blog\/wp-content\/uploads\/tn_victoriaville_hiver.jpg\" alt=\"L'hiver \u00e0 Victo\" \/><\/a><br \/>\nIl r\u00e9gnait un v\u00e9ritable temps hivernal aujourd&rsquo;hui. A vrai dire, c&rsquo;est plut\u00f4t la premi\u00e8re temp\u00eate digne de ce nom de cette saison. C&rsquo;est seulement dommage que le Canadien de Montr\u00e9al se pense d\u00e9j\u00e0 en vacances estivales&#8230;<\/p>\n","protected":false},"excerpt":{"rendered":"<p>Il r\u00e9gnait un v\u00e9ritable temps hivernal aujourd&rsquo;hui. A vrai dire, c&rsquo;est plut\u00f4t la premi\u00e8re temp\u00eate digne de ce nom de cette saison. C&rsquo;est seulement dommage que le Canadien de Montr\u00e9al se pense d\u00e9j\u00e0 en vacances estivales&#8230;<\/p>\n","protected":false},"author":2,"featured_media":0,"comment_status":"open","ping_status":"open","sticky":false,"template":"","format":"standard","meta":{"footnotes":""},"categories":[3,17],"tags":[],"class_list":["post-112","post","type-post","status-publish","format-standard","hentry","category-archives","category-centre-du-quebec"],"_links":{"self":[{"href":"http:\/\/barraclou.com\/media\/blog\/wp-json\/wp\/v2\/posts\/112","targetHints":{"allow":["GET"]}}],"collection":[{"href":"http:\/\/barraclou.com\/media\/blog\/wp-json\/wp\/v2\/posts"}],"about":[{"href":"http:\/\/barraclou.com\/media\/blog\/wp-json\/wp\/v2\/types\/post"}],"author":[{"embeddable":true,"href":"http:\/\/barraclou.com\/media\/blog\/wp-json\/wp\/v2\/users\/2"}],"replies":[{"embeddable":true,"href":"http:\/\/barraclou.com\/media\/blog\/wp-json\/wp\/v2\/comments?post=112"}],"version-history":[{"count":0,"href":"http:\/\/barraclou.com\/media\/blog\/wp-json\/wp\/v2\/posts\/112\/revisions"}],"wp:attachment":[{"href":"http:\/\/barraclou.com\/media\/blog\/wp-json\/wp\/v2\/media?parent=112"}],"wp:term":[{"taxonomy":"category","embeddable":true,"href":"http:\/\/barraclou.com\/media\/blog\/wp-json\/wp\/v2\/categories?post=112"},{"taxonomy":"post_tag","embeddable":true,"href":"http:\/\/barraclou.com\/media\/blog\/wp-json\/wp\/v2\/tags?post=112"}],"curies":[{"name":"wp","href":"https:\/\/api.w.org\/{rel}","templated":true}]}}