{"id":105,"date":"2008-06-04T21:28:30","date_gmt":"2008-06-05T04:28:30","guid":{"rendered":"http:\/\/barraclou.com\/media\/blog\/?p=105"},"modified":"2008-06-06T14:44:13","modified_gmt":"2008-06-06T21:44:13","slug":"12-decembre-2006-temps-des-fetes","status":"publish","type":"post","link":"http:\/\/barraclou.com\/media\/blog\/2008\/06\/04\/12-decembre-2006-temps-des-fetes\/","title":{"rendered":"12 d\u00e9cembre 2006: Temps des f\u00eates"},"content":{"rendered":"<p><a href=\"http:\/\/barraclou.com\/media\/blog\/wp-content\/uploads\/christmas_tree.jpg\"><img decoding=\"async\" src=\"http:\/\/barraclou.com\/media\/blog\/wp-content\/uploads\/tn_christmas_tree.jpg\" alt=\"Christmas Tree\" \/><\/a><br \/>\nD\u00e9corations de No\u00ebl?<\/p>\n<p>Oui, il y a une longue pause depuis le dernier chapitre publi\u00e9 le 29 octobre.<\/p>\n<p>Commen\u00e7ons par un petit mot pour souligner la qualit\u00e9 des chars participant \u00e0 la belle parade organis\u00e9e samedi dernier \u00e0 Laurier-Station.<\/p>\n<p>Dans une autre perspective (malgr\u00e9 que la musique de No\u00ebl cheap qu&rsquo;on entend depuis le mois de septembre dans les magasins peut \u00eatre un certain lien), il semble que je ne sois pas le seul \u00e0 avoir de la difficult\u00e9 avec la musak (musique d&rsquo;ascenseur), car le hasard m&rsquo;a permis de trouver deux sites britanniques sur le sujet: <a href=\"http:\/\/nomuzak.co.uk\/\">Complain about Musak<\/a> et <a href=\"http:\/\/www.pipedown.info\/\">Pipedown.info<\/a>.<\/p>\n<p>D&rsquo;ailleurs, parmi les classiques de la musique d&rsquo;ambience, la pi\u00e8ce qui nous vient le plus souvent \u00e0 l&rsquo;esprit est la chanson bossa nova \u00ab\u00a0Girl from Ipanama \/ Garota de Ipanama\u00a0\u00bb. Un <a href=\"http:\/\/eguren-zone.blogspot.com\/2006\/09\/garota-de-ipanema.html\">blogueur<\/a> en a repertori\u00e9 plus de 50 versions diff\u00e9rentes: <a href=\"http:\/\/eguren-zone.blogspot.com\/2006\/09\/garota-de-ipanema.html\">ici<\/a>. C&rsquo;est assez incroyable quand on s&rsquo;y arr\u00eate, malgr\u00e9 que ce n&rsquo;est pas la chanson la plus reprise. Le record appartiendrait \u00e0 \u00ab\u00a0Yesterday\u00a0\u00bb des Beatles.<\/p>\n<p>Parlant de musique et de stations de radio, avez-vous entendu parl\u00e9 de la myst\u00e9rieuse station AM surnomm\u00e9 \u00ab\u00a0The Tone\u00a0\u00bb? Il s&rsquo;agit d&rsquo;un signal continu qui a \u00e9t\u00e9 entendu sur 1610am, puis 1020am, partout \u00e0 travers l&rsquo;Am\u00e9rique du Nord pendant une semaine au d\u00e9but du mois. Personne dans le monde de la radio n&rsquo;a su officiellement sa source exacte, ni sa raison d&rsquo;\u00eatre, mais les rumeurs pointent vers le monde militaire. Aux \u00c9tats-Unis, la FCC ne veut pas commenter, car le dossier serait sous enqu\u00eate.<\/p>\n<p>Au Canada, on ne comptera pas sur le CRTC et Industrie Canada pour faire leur travail et connaitre le fond de l&rsquo;histoire quand on connait la nature de leurs interventions dans d&rsquo;autres dossiers. Par exemple, Industrie Canada, dit g\u00e9rer le spectre des ondes radio, mais il semble que dans le quotidien, ils ne se contentent que de percevoir les paiements de licenses, puisqu&rsquo;ils refusent de prendre leurs autres responsabilit\u00e9s. De sources fiables, il a \u00e9t\u00e9 su que les responsables du minist\u00e8re ne veulent pas donner suite aux rapports d&rsquo;interf\u00e9rences qui leur sont soumis. Il a \u00e9t\u00e9 soulign\u00e9 qu&rsquo;aussi \u00e9trange que \u00e7a peut l&rsquo;\u00eatre, si vous trouvez leur num\u00e9ro de t\u00e9l\u00e9phone sans frais, il s&rsquo;agit du m\u00eame minist\u00e8re qui s&rsquo;occuperait d&rsquo;accueillir les investisseurs \u00e9trangers. La structure para\u00eet assez anarchique ou l&rsquo;ombre d&rsquo;une organisation d\u00e9cim\u00e9e et en besoin de renouvellement.<\/p>\n<p>Ce qui am\u00e8ne au point que si les gouvernements veulent r\u00e9ellement intervenir un peu partout dans nos vies, il faudrait le faire de fa\u00e7on plus intelligente ou mod\u00e9rer ses transports. Le Canada, et plus particuli\u00e8rement la province de Qu\u00e9bec, est reconnu pour son grand nombre de lois en tout genre et souvent inutiles ou ridicules, mais laisse la place \u00e0 plein de trous (\u00ab\u00a0loopholes\u00a0\u00bb) et de zones grises dans le cadre l\u00e9gal. Suite aux pressions de lobbies, il y a des lois qui vont jusqu&rsquo;\u00e0 encadrer le choix de la couleur de la margarine ou les heures d&rsquo;ouverture des supermarch\u00e9s. Pourtant, de grands abus sont commis dans les influents milieux des banques, des assurances et des t\u00e9l\u00e9communications sans que rien ne soit fait pour corriger ces situations. Au del\u00e0 du premier degr\u00e9, il s&rsquo;agit d&rsquo;un certain manque de transparence de choisir les interventions de la sorte.<\/p>\n<p>Par ailleurs, il est int\u00e9ressant de noter le ton utilis\u00e9 par les autorit\u00e9s qu\u00e9b\u00e9coises concernant les <a href=\"http:\/\/www.cai.gouv.qc.ca\/home_00_portail\/thema_camera.html\">r\u00e9gles d&rsquo;utilisation des cam\u00e9ras de surveillance<\/a>. Il me semble qu&rsquo;il est assez \u00e9trange et ridicule que des r\u00e8gles soient formul\u00e9es au conditionnel et surtout pour un sujet aussi important.<\/p>\n<p>Pendant le temps \u00e9norme qu&rsquo;on perd \u00e0 traiter et \u00e0 vivre avec cette bureaucratie, on oublie et\/ou on d\u00e9nigre nos h\u00e9ros nationaux (peu importe, votre d\u00e9finition d&rsquo;un nation ou d&rsquo;une soci\u00e9t\u00e9). Oui, il y a Joseph-Armand Bombardier, C\u00e9line Dion ou Tommy Douglas, mais que fait-on des <a href=\"http:\/\/www.radio-canada.ca\/actualite\/zonelibre\/03-12\/mathieu.html\">Andr\u00e9 Mathieu<\/a> et autres <a href=\"http:\/\/www.vitrine-technologique.gouv.qc.ca\/vitrine+technologique.nsf\/Exposition?openform\">Cyrille Duquet<\/a>?<\/p>\n","protected":false},"excerpt":{"rendered":"<p>D\u00e9corations de No\u00ebl? Oui, il y a une longue pause depuis le dernier chapitre publi\u00e9 le 29 octobre. Commen\u00e7ons par un petit mot pour souligner la qualit\u00e9 des chars participant \u00e0 la belle parade organis\u00e9e samedi dernier \u00e0 Laurier-Station. Dans une autre perspective (malgr\u00e9 que la musique de No\u00ebl cheap qu&rsquo;on entend depuis le mois &hellip; <a href=\"http:\/\/barraclou.com\/media\/blog\/2008\/06\/04\/12-decembre-2006-temps-des-fetes\/\" class=\"more-link\">Continuer la lecture de <span class=\"screen-reader-text\">12 d\u00e9cembre 2006: Temps des f\u00eates<\/span>  <span class=\"meta-nav\">&rarr;<\/span><\/a><\/p>\n","protected":false},"author":2,"featured_media":0,"comment_status":"open","ping_status":"open","sticky":false,"template":"","format":"standard","meta":{"footnotes":""},"categories":[3,5,6],"tags":[],"class_list":["post-105","post","type-post","status-publish","format-standard","hentry","category-archives","category-medias","category-politique"],"_links":{"self":[{"href":"http:\/\/barraclou.com\/media\/blog\/wp-json\/wp\/v2\/posts\/105","targetHints":{"allow":["GET"]}}],"collection":[{"href":"http:\/\/barraclou.com\/media\/blog\/wp-json\/wp\/v2\/posts"}],"about":[{"href":"http:\/\/barraclou.com\/media\/blog\/wp-json\/wp\/v2\/types\/post"}],"author":[{"embeddable":true,"href":"http:\/\/barraclou.com\/media\/blog\/wp-json\/wp\/v2\/users\/2"}],"replies":[{"embeddable":true,"href":"http:\/\/barraclou.com\/media\/blog\/wp-json\/wp\/v2\/comments?post=105"}],"version-history":[{"count":0,"href":"http:\/\/barraclou.com\/media\/blog\/wp-json\/wp\/v2\/posts\/105\/revisions"}],"wp:attachment":[{"href":"http:\/\/barraclou.com\/media\/blog\/wp-json\/wp\/v2\/media?parent=105"}],"wp:term":[{"taxonomy":"category","embeddable":true,"href":"http:\/\/barraclou.com\/media\/blog\/wp-json\/wp\/v2\/categories?post=105"},{"taxonomy":"post_tag","embeddable":true,"href":"http:\/\/barraclou.com\/media\/blog\/wp-json\/wp\/v2\/tags?post=105"}],"curies":[{"name":"wp","href":"https:\/\/api.w.org\/{rel}","templated":true}]}}