{"id":101,"date":"2008-06-04T21:14:25","date_gmt":"2008-06-05T04:14:25","guid":{"rendered":"http:\/\/barraclou.com\/media\/blog\/?p=101"},"modified":"2008-06-05T12:11:38","modified_gmt":"2008-06-05T19:11:38","slug":"14-septembre-2006-projet-les-convertibles","status":"publish","type":"post","link":"http:\/\/barraclou.com\/media\/blog\/2008\/06\/04\/14-septembre-2006-projet-les-convertibles\/","title":{"rendered":"14 septembre 2006: Projet Les Convertibles"},"content":{"rendered":"<p><a href=\"http:\/\/www.journeesdelaculture.qc.ca\/lesconvertibles\"><img decoding=\"async\" src=\"\/bus\/quebec\/tn_rtc8152_convertibles08.jpg\" alt=\"ex-RTC 8152\" \/><\/a><\/p>\n<p>Il ne fait aucun doute que le projet nomm\u00e9 Les Convertibles et r\u00e9alis\u00e9 dans le cadre des Journ\u00e9es de la culture est \u00e9trange. Ce qui est plus bizarre, c&rsquo;est qu&rsquo;il est difficile d&rsquo;avoir des informations pr\u00e9cises \u00e0 ce sujet. Normalement, l&rsquo;art contemporain insiste beaucoup sur l&rsquo;aspect de la d\u00e9marche artistique pour se v\u00e9hiculer. Dans ce cas-ci, outre le choix du sujet par les artistes s\u00e9lectionn\u00e9s, les d\u00e9tails s&rsquo;arr\u00eatent l\u00e0. Peut-\u00eatre, il y a un simple probl\u00e8me de communication, mais il a donc \u00e9t\u00e9 totalement impossible d&rsquo;avoir une r\u00e9ponse des organisateurs de l&rsquo;activit\u00e9 \u00e0 nos questions concernant le projet. Est-ce qu&rsquo;on a peur de la transparence? Ainsi, il semble qu&rsquo;on ne veuille pas expliquer comment les autobus sont partis du fond des garages pour arriver dans les mains des artistes myst\u00e9rieusement choisis: s&rsquo;agit-il d&rsquo;une simple vente, d&rsquo;une location, d&rsquo;un pr\u00eat ou autre chose? Qu&rsquo;arrivera-t-il des v\u00e9hicules apr\u00e8s leur exposition (diffusion) en fin de semaine \u00e0 Qu\u00e9bec? Vont-ils prendre la route des ferrailleurs, retourner dans le fond des garages des compagnies, se promener en tourn\u00e9e&#8230; Le total n\u00e9ant. Il semble qu&rsquo;il s&rsquo;agissent de simples questions totalement justifi\u00e9es, montrant de l&rsquo;int\u00e9r\u00eat envers le projet et qui ne sont pas menan\u00e7antes. En n&rsquo;ayant pas de r\u00e9ponse, cel\u00e0 a augment\u00e9 la curosit\u00e9 envers ces aspects et il a \u00e9t\u00e9 permis de constater qu&rsquo;il est encore plus myst\u00e9rieux de voir des autobus publics de moins de 16 ans servir au projet. Est-ce que c&rsquo;est le pot aux roses ou la pointe de l&rsquo;iceberg? A moins, d&rsquo;avis contraire, il semble que certains en ont profit\u00e9 pour en passer une vite en se d\u00e9barrassant de leur bois mort avant le temps demand\u00e9 par la loi. Au Qu\u00e9bec, cette derni\u00e8re demande que les v\u00e9hicules des soci\u00e9t\u00e9s de transport publiques restent au moins 16 ans \u00e0 leur service.<\/p>\n","protected":false},"excerpt":{"rendered":"<p>Il ne fait aucun doute que le projet nomm\u00e9 Les Convertibles et r\u00e9alis\u00e9 dans le cadre des Journ\u00e9es de la culture est \u00e9trange. Ce qui est plus bizarre, c&rsquo;est qu&rsquo;il est difficile d&rsquo;avoir des informations pr\u00e9cises \u00e0 ce sujet. Normalement, l&rsquo;art contemporain insiste beaucoup sur l&rsquo;aspect de la d\u00e9marche artistique pour se v\u00e9hiculer. Dans ce &hellip; <a href=\"http:\/\/barraclou.com\/media\/blog\/2008\/06\/04\/14-septembre-2006-projet-les-convertibles\/\" class=\"more-link\">Continuer la lecture de <span class=\"screen-reader-text\">14 septembre 2006: Projet Les Convertibles<\/span>  <span class=\"meta-nav\">&rarr;<\/span><\/a><\/p>\n","protected":false},"author":2,"featured_media":0,"comment_status":"open","ping_status":"open","sticky":false,"template":"","format":"standard","meta":{"footnotes":""},"categories":[3,12,4,10,13],"tags":[],"class_list":["post-101","post","type-post","status-publish","format-standard","hentry","category-archives","category-culture","category-insolite","category-montreal","category-quebec"],"_links":{"self":[{"href":"http:\/\/barraclou.com\/media\/blog\/wp-json\/wp\/v2\/posts\/101","targetHints":{"allow":["GET"]}}],"collection":[{"href":"http:\/\/barraclou.com\/media\/blog\/wp-json\/wp\/v2\/posts"}],"about":[{"href":"http:\/\/barraclou.com\/media\/blog\/wp-json\/wp\/v2\/types\/post"}],"author":[{"embeddable":true,"href":"http:\/\/barraclou.com\/media\/blog\/wp-json\/wp\/v2\/users\/2"}],"replies":[{"embeddable":true,"href":"http:\/\/barraclou.com\/media\/blog\/wp-json\/wp\/v2\/comments?post=101"}],"version-history":[{"count":0,"href":"http:\/\/barraclou.com\/media\/blog\/wp-json\/wp\/v2\/posts\/101\/revisions"}],"wp:attachment":[{"href":"http:\/\/barraclou.com\/media\/blog\/wp-json\/wp\/v2\/media?parent=101"}],"wp:term":[{"taxonomy":"category","embeddable":true,"href":"http:\/\/barraclou.com\/media\/blog\/wp-json\/wp\/v2\/categories?post=101"},{"taxonomy":"post_tag","embeddable":true,"href":"http:\/\/barraclou.com\/media\/blog\/wp-json\/wp\/v2\/tags?post=101"}],"curies":[{"name":"wp","href":"https:\/\/api.w.org\/{rel}","templated":true}]}}